{"id":33524,"date":"2024-05-31T13:15:01","date_gmt":"2024-05-31T18:15:01","guid":{"rendered":"https:\/\/solidaridadnews.com\/?p=33524"},"modified":"2024-05-31T18:15:02","modified_gmt":"2024-05-31T18:15:02","slug":"robert-fico-primer-ministro-de-eslovaquia-se-recupera-en-su-domicilio-tras-atentado","status":"publish","type":"post","link":"https:\/\/solidaridadnews.com\/?p=33524","title":{"rendered":"Robert Fico, primer ministro de Eslovaquia, se recupera en su domicilio tras atentado"},"content":{"rendered":"<p>El primer ministro de Eslovaquia, Robert Fico, continuar\u00e1 su recuperaci\u00f3n en su domicilio de Bratislava, adonde fue trasladado el jueves por la tarde desde el hospital Banska Bystrica, donde fue ingresado tras ser baleado el pasado 15 de mayo, inform\u00f3 este viernes el centro sanitario.<\/p>\n<p>\u201cEl primer ministro se encuentra actualmente en cuidados domiciliarios\u201d, precis\u00f3 el hospital universitario F.D.Roosevelt de Banska Bystrica en la red social Facebook.<\/p>\n<p>Fico, un populista de izquierdas, vive cerca del Ministerio de Asuntos Exteriores, en el barrio de Kalv\u00e1ria, que forma parte del centro hist\u00f3rico de Bratislava.<\/p>\n<p>El primer ministro fue trasladado en helic\u00f3ptero sanitario desde el hospital de Banska Bystrica (centro del pa\u00eds) a la capital, 200 kil\u00f3metros al oeste.<\/p>\n<p>Seg\u00fan los m\u00e9dicos, se cumpli\u00f3 as\u00ed el deseo del propio Fico, quien el mi\u00e9rcoles ya empez\u00f3 a ingerir alimentos, y que d\u00edas antes se encontraba en estado grave tras ser alcanzado con disparos de bala en el intestino delgado, que fue perforado en cinco lugares.<\/p>\n<p>La directora del centro sanitario, Miriam Lapun\u00edkov\u00e1, indic\u00f3 que al paciente le espera una \u201clarga rehabilitaci\u00f3n\u201d.<\/p>\n<p>El agresor, un hombre de 71 a\u00f1os de pasado pacifista y que estaba en desacuerdo con las medidas del Ejecutivo, dispar\u00f3 al pol\u00edtico populista de izquierdas con una pistola CZ 75 de calibre 9 tras un consejo de ministros en la localidad de Handlov\u00e1, en el centro de Eslovaquia, el pasado d\u00eda 15.<\/p>\n","protected":false},"excerpt":{"rendered":"<p>El primer ministro de Eslovaquia, Robert Fico, continuar\u00e1 su recuperaci\u00f3n en su domicilio de Bratislava, adonde fue trasladado el jueves por la tarde desde el hospital Banska Bystrica, donde fue ingresado tras ser baleado el pasado 15 de mayo, inform\u00f3 este viernes el centro sanitario. \u201cEl primer ministro se encuentra actualmente en cuidados domiciliarios\u201d, precis\u00f3 [&hellip;]<\/p>\n","protected":false},"author":1,"featured_media":33526,"comment_status":"open","ping_status":"closed","sticky":false,"template":"","format":"standard","meta":{"footnotes":""},"categories":[9],"tags":[],"class_list":["post-33524","post","type-post","status-publish","format-standard","has-post-thumbnail","hentry","category-internacional"],"_links":{"self":[{"href":"https:\/\/solidaridadnews.com\/index.php?rest_route=\/wp\/v2\/posts\/33524","targetHints":{"allow":["GET"]}}],"collection":[{"href":"https:\/\/solidaridadnews.com\/index.php?rest_route=\/wp\/v2\/posts"}],"about":[{"href":"https:\/\/solidaridadnews.com\/index.php?rest_route=\/wp\/v2\/types\/post"}],"author":[{"embeddable":true,"href":"https:\/\/solidaridadnews.com\/index.php?rest_route=\/wp\/v2\/users\/1"}],"replies":[{"embeddable":true,"href":"https:\/\/solidaridadnews.com\/index.php?rest_route=%2Fwp%2Fv2%2Fcomments&post=33524"}],"version-history":[{"count":1,"href":"https:\/\/solidaridadnews.com\/index.php?rest_route=\/wp\/v2\/posts\/33524\/revisions"}],"predecessor-version":[{"id":33525,"href":"https:\/\/solidaridadnews.com\/index.php?rest_route=\/wp\/v2\/posts\/33524\/revisions\/33525"}],"wp:featuredmedia":[{"embeddable":true,"href":"https:\/\/solidaridadnews.com\/index.php?rest_route=\/wp\/v2\/media\/33526"}],"wp:attachment":[{"href":"https:\/\/solidaridadnews.com\/index.php?rest_route=%2Fwp%2Fv2%2Fmedia&parent=33524"}],"wp:term":[{"taxonomy":"category","embeddable":true,"href":"https:\/\/solidaridadnews.com\/index.php?rest_route=%2Fwp%2Fv2%2Fcategories&post=33524"},{"taxonomy":"post_tag","embeddable":true,"href":"https:\/\/solidaridadnews.com\/index.php?rest_route=%2Fwp%2Fv2%2Ftags&post=33524"}],"curies":[{"name":"wp","href":"https:\/\/api.w.org\/{rel}","templated":true}]}}