{"id":33521,"date":"2024-05-31T13:13:11","date_gmt":"2024-05-31T18:13:11","guid":{"rendered":"https:\/\/solidaridadnews.com\/?p=33521"},"modified":"2024-05-31T18:13:13","modified_gmt":"2024-05-31T18:13:13","slug":"lideres-mineros-piden-proteger-la-industria-ante-desafios-ambientales","status":"publish","type":"post","link":"https:\/\/solidaridadnews.com\/?p=33521","title":{"rendered":"L\u00edderes mineros piden proteger la industria ante desaf\u00edos ambientales"},"content":{"rendered":"<p>En el marco del Foro Retos de la Miner\u00eda Mexicana, organizado por la Asociaci\u00f3n de Ingenieros de Minas, Metalurgistas y Ge\u00f3logos de M\u00e9xico (AIMMGM), se destac\u00f3 la importancia crucial de esta industria en la transici\u00f3n hacia un futuro m\u00e1s sostenible y verde.<\/p>\n<p>En el evento, que cont\u00f3 con la participaci\u00f3n de diversas organizaciones del sector minero, incluyendo la AIMMGM, la C\u00e1mara Minera de M\u00e9xico Camimex), el Colegio de Ingenieros de Minas, Metalurgistas y Ge\u00f3logos de M\u00e9xico (CIMMGM), la C\u00e1mara de Comercio del Canad\u00e1 en M\u00e9xico (Canacham) y WIM M\u00e9xico, se reafirm\u00f3 el compromiso de la industria con la sostenibilidad, el desarrollo econ\u00f3mico y el bienestar de M\u00e9xico.<\/p>\n<p>Durante el foro, expertos compartieron conocimientos y puntos de vista sobre los desaf\u00edos y oportunidades que enfrenta la miner\u00eda en el pa\u00eds. En su mensaje de clausura, el presidente de la AIMMGM, Luis Humberto V\u00e1zquez, resalt\u00f3 la importancia de consolidar la unidad en el sector minero ya que la miner\u00eda es sin\u00f3nimo de progreso y bienestar, y destac\u00f3 el compromiso de la asociaci\u00f3n en apoyo a la industria minero-metal\u00fargica desde su fundaci\u00f3n en 1951.<\/p>\n<p>El foro abord\u00f3 temas relevantes como la descarbonizaci\u00f3n de la industria minera, la gesti\u00f3n sustentable del agua y el papel de la mujer en la miner\u00eda. Tambi\u00e9n se discuti\u00f3 la necesidad de promover una miner\u00eda responsable y comunicar adecuadamente los beneficios de la industria a las autoridades y la sociedad en general.<\/p>\n<p>Por otra parte, en el marco del foro se resalt\u00f3 el papel crucial de la miner\u00eda en la transici\u00f3n hacia un futuro m\u00e1s sostenible. Los minerales son recursos indispensables para fabricar paneles solares, turbinas e\u00f3licas y veh\u00edculos el\u00e9ctricos, lo que subraya la importancia de la industria minera en la econom\u00eda global y en la lucha contra el cambio clim\u00e1tico.<\/p>\n<p>La presidenta de la C\u00e1mara Minera de M\u00e9xico, Karen Flores, enfatiz\u00f3 que la miner\u00eda es un aliado natural y estrat\u00e9gico para generar bienestar en las comunidades del pa\u00eds.<\/p>\n<p>Tras su participaci\u00f3n, Flores expres\u00f3 a El Economista su preocupaci\u00f3n por los cambios a la Ley Minera que han frenado el desarrollo del sector que actualmente da empleo a 200,000 personas y genera 1 mill\u00f3n de empleos indirectos.<\/p>\n","protected":false},"excerpt":{"rendered":"<p>En el marco del Foro Retos de la Miner\u00eda Mexicana, organizado por la Asociaci\u00f3n de Ingenieros de Minas, Metalurgistas y Ge\u00f3logos de M\u00e9xico (AIMMGM), se destac\u00f3 la importancia crucial de esta industria en la transici\u00f3n hacia un futuro m\u00e1s sostenible y verde. En el evento, que cont\u00f3 con la participaci\u00f3n de diversas organizaciones del sector [&hellip;]<\/p>\n","protected":false},"author":1,"featured_media":33523,"comment_status":"open","ping_status":"closed","sticky":false,"template":"","format":"standard","meta":{"footnotes":""},"categories":[2],"tags":[],"class_list":["post-33521","post","type-post","status-publish","format-standard","has-post-thumbnail","hentry","category-nacional"],"_links":{"self":[{"href":"https:\/\/solidaridadnews.com\/index.php?rest_route=\/wp\/v2\/posts\/33521","targetHints":{"allow":["GET"]}}],"collection":[{"href":"https:\/\/solidaridadnews.com\/index.php?rest_route=\/wp\/v2\/posts"}],"about":[{"href":"https:\/\/solidaridadnews.com\/index.php?rest_route=\/wp\/v2\/types\/post"}],"author":[{"embeddable":true,"href":"https:\/\/solidaridadnews.com\/index.php?rest_route=\/wp\/v2\/users\/1"}],"replies":[{"embeddable":true,"href":"https:\/\/solidaridadnews.com\/index.php?rest_route=%2Fwp%2Fv2%2Fcomments&post=33521"}],"version-history":[{"count":1,"href":"https:\/\/solidaridadnews.com\/index.php?rest_route=\/wp\/v2\/posts\/33521\/revisions"}],"predecessor-version":[{"id":33522,"href":"https:\/\/solidaridadnews.com\/index.php?rest_route=\/wp\/v2\/posts\/33521\/revisions\/33522"}],"wp:featuredmedia":[{"embeddable":true,"href":"https:\/\/solidaridadnews.com\/index.php?rest_route=\/wp\/v2\/media\/33523"}],"wp:attachment":[{"href":"https:\/\/solidaridadnews.com\/index.php?rest_route=%2Fwp%2Fv2%2Fmedia&parent=33521"}],"wp:term":[{"taxonomy":"category","embeddable":true,"href":"https:\/\/solidaridadnews.com\/index.php?rest_route=%2Fwp%2Fv2%2Fcategories&post=33521"},{"taxonomy":"post_tag","embeddable":true,"href":"https:\/\/solidaridadnews.com\/index.php?rest_route=%2Fwp%2Fv2%2Ftags&post=33521"}],"curies":[{"name":"wp","href":"https:\/\/api.w.org\/{rel}","templated":true}]}}