{"id":33518,"date":"2024-05-31T13:11:46","date_gmt":"2024-05-31T18:11:46","guid":{"rendered":"https:\/\/solidaridadnews.com\/?p=33518"},"modified":"2024-05-31T18:11:48","modified_gmt":"2024-05-31T18:11:48","slug":"duren-kendall-jenner-y-bad-bunny-regresan-luego-de-una-pausa-sentimental","status":"publish","type":"post","link":"https:\/\/solidaridadnews.com\/?p=33518","title":{"rendered":"\u00a1Duren! Kendall Jenner y Bad Bunny regresan luego de una pausa sentimental"},"content":{"rendered":"<p>Kendall Jenner y Bad Bunny vuelven a acaparar las p\u00e1ginas de sociales ahora que supuestamente se volvieron a dar una oportunidad en el amor.<\/p>\n<p>Y es que hay que recordar que la pareja del momento hab\u00eda terminado su relaci\u00f3n en diciembre pasado, pero al reencontrarse de nuevo en la Met Gala de mayo, el tapete se les volvi\u00f3 a mover, como coloquialmente se dice.<\/p>\n<p>\u00bfKendall Jenner y Bad Bunny regresaron?<br \/>\nAhora una fuente cercana a ellos le cont\u00f3 a People que ambas celebridades decideron darse una segunda oportunidad, pues la atracci\u00f3n entre ellos es evidente.<\/p>\n<p>\u00abLes est\u00e1 yendo bien y est\u00e1n priorizando pasar tiempo juntos mientras que resuelven todo\u2026 No hubo drama en su ruptura y ellos se extra\u00f1aban\u201d, dijo.<\/p>\n<p>Bad Bunny y Kendall Jenner se extra\u00f1aban<br \/>\nLa persona que los conoce revel\u00f3 a la publicaci\u00f3n que despu\u00e9s de que cortaron porque sus agendas no coincid\u00edan mucho, ambos se extra\u00f1aban por lo que ya aprendieron a darle prioridad a su pareja.<\/p>\n<p>\u201cNecesitaban ese break para extra\u00f1arse lo suficiente para resolver las cosas. Siempre han sentido esta atracci\u00f3n loca. Las cosas est\u00e1n maravillosas de nuevo\u201d, finaliz\u00f3 la fuente.<\/p>\n<p>&nbsp;<\/p>\n","protected":false},"excerpt":{"rendered":"<p>Kendall Jenner y Bad Bunny vuelven a acaparar las p\u00e1ginas de sociales ahora que supuestamente se volvieron a dar una oportunidad en el amor. Y es que hay que recordar que la pareja del momento hab\u00eda terminado su relaci\u00f3n en diciembre pasado, pero al reencontrarse de nuevo en la Met Gala de mayo, el tapete [&hellip;]<\/p>\n","protected":false},"author":1,"featured_media":33520,"comment_status":"open","ping_status":"closed","sticky":false,"template":"","format":"standard","meta":{"footnotes":""},"categories":[3],"tags":[],"class_list":["post-33518","post","type-post","status-publish","format-standard","has-post-thumbnail","hentry","category-espectaculos"],"_links":{"self":[{"href":"https:\/\/solidaridadnews.com\/index.php?rest_route=\/wp\/v2\/posts\/33518","targetHints":{"allow":["GET"]}}],"collection":[{"href":"https:\/\/solidaridadnews.com\/index.php?rest_route=\/wp\/v2\/posts"}],"about":[{"href":"https:\/\/solidaridadnews.com\/index.php?rest_route=\/wp\/v2\/types\/post"}],"author":[{"embeddable":true,"href":"https:\/\/solidaridadnews.com\/index.php?rest_route=\/wp\/v2\/users\/1"}],"replies":[{"embeddable":true,"href":"https:\/\/solidaridadnews.com\/index.php?rest_route=%2Fwp%2Fv2%2Fcomments&post=33518"}],"version-history":[{"count":1,"href":"https:\/\/solidaridadnews.com\/index.php?rest_route=\/wp\/v2\/posts\/33518\/revisions"}],"predecessor-version":[{"id":33519,"href":"https:\/\/solidaridadnews.com\/index.php?rest_route=\/wp\/v2\/posts\/33518\/revisions\/33519"}],"wp:featuredmedia":[{"embeddable":true,"href":"https:\/\/solidaridadnews.com\/index.php?rest_route=\/wp\/v2\/media\/33520"}],"wp:attachment":[{"href":"https:\/\/solidaridadnews.com\/index.php?rest_route=%2Fwp%2Fv2%2Fmedia&parent=33518"}],"wp:term":[{"taxonomy":"category","embeddable":true,"href":"https:\/\/solidaridadnews.com\/index.php?rest_route=%2Fwp%2Fv2%2Fcategories&post=33518"},{"taxonomy":"post_tag","embeddable":true,"href":"https:\/\/solidaridadnews.com\/index.php?rest_route=%2Fwp%2Fv2%2Ftags&post=33518"}],"curies":[{"name":"wp","href":"https:\/\/api.w.org\/{rel}","templated":true}]}}