{"id":33515,"date":"2024-05-31T13:09:57","date_gmt":"2024-05-31T18:09:57","guid":{"rendered":"https:\/\/solidaridadnews.com\/?p=33515"},"modified":"2024-05-31T18:09:59","modified_gmt":"2024-05-31T18:09:59","slug":"courtois-titular-ancelotti-confirma-que-lunin-estara-en-la-banca-del-real-madrid","status":"publish","type":"post","link":"https:\/\/solidaridadnews.com\/?p=33515","title":{"rendered":"\u00a1Courtois titular! Ancelotti confirma que Lunin estar\u00e1 en la banca del Real Madrid"},"content":{"rendered":"<p>Courtois vuelve para ganar otro t\u00edtulo. Luego de que se pasara toda la temporada lesionado tras romperse los ligamentos cruzados, el portero belga Thibaut Courtois volver\u00e1 a la titularidad en la Final de la Champions League frente al Borussia Dortmund.<\/p>\n<p>24 horas antes del comienzo de la Final, Carlo Ancelotti confirm\u00f3 que el arquero titular del Real Madrid contra el Borussia Dortmund ser\u00e1 Courtois, quien apenas ha disputado tres partidos y medio en la toda la temporada.<\/p>\n<p>\u201cLunin ha tenido una gripe y viajar\u00e1 ma\u00f1ana. Est\u00e1 bien. Pero ma\u00f1ana va al banquillo, jugar\u00e1 Courtois\u201d, declar\u00f3 Ancelotti en conferencia de prensa.<\/p>\n<p>Desde hace varias semanas ya exist\u00edan dudas en el Madrid sobre que portero utilizar en la Final, pero el severo cuadro gripal que sufri\u00f3 Lunin estos \u00faltimos d\u00edas termin\u00f3 por quitarle la titularidad en el partido m\u00e1s importante de la temporada.<\/p>\n<p>Courtois corri\u00f3 con bastante suerte, pues de acuerdo al reglamento de la UEFA, para ser considerado campe\u00f3n de la Champions League debes de tener por lo menos un minutos disputado en el certamen, por lo que en caso de no haber sido titular este partido, el portero belga se pudo haber quedado sin t\u00edtulo.<\/p>\n<p>Esta temporada Courtois ha disputado solamente 333 minutos desde su regreso de la lesi\u00f3n, pero hasta el momento ha logrado mantener su arco en blanco, por lo que a la Final de Champions llega todav\u00eda invitado.<\/p>\n<p>&nbsp;<\/p>\n","protected":false},"excerpt":{"rendered":"<p>Courtois vuelve para ganar otro t\u00edtulo. Luego de que se pasara toda la temporada lesionado tras romperse los ligamentos cruzados, el portero belga Thibaut Courtois volver\u00e1 a la titularidad en la Final de la Champions League frente al Borussia Dortmund. 24 horas antes del comienzo de la Final, Carlo Ancelotti confirm\u00f3 que el arquero titular [&hellip;]<\/p>\n","protected":false},"author":1,"featured_media":33517,"comment_status":"open","ping_status":"closed","sticky":false,"template":"","format":"standard","meta":{"footnotes":""},"categories":[6],"tags":[],"class_list":["post-33515","post","type-post","status-publish","format-standard","has-post-thumbnail","hentry","category-deportes"],"_links":{"self":[{"href":"https:\/\/solidaridadnews.com\/index.php?rest_route=\/wp\/v2\/posts\/33515","targetHints":{"allow":["GET"]}}],"collection":[{"href":"https:\/\/solidaridadnews.com\/index.php?rest_route=\/wp\/v2\/posts"}],"about":[{"href":"https:\/\/solidaridadnews.com\/index.php?rest_route=\/wp\/v2\/types\/post"}],"author":[{"embeddable":true,"href":"https:\/\/solidaridadnews.com\/index.php?rest_route=\/wp\/v2\/users\/1"}],"replies":[{"embeddable":true,"href":"https:\/\/solidaridadnews.com\/index.php?rest_route=%2Fwp%2Fv2%2Fcomments&post=33515"}],"version-history":[{"count":1,"href":"https:\/\/solidaridadnews.com\/index.php?rest_route=\/wp\/v2\/posts\/33515\/revisions"}],"predecessor-version":[{"id":33516,"href":"https:\/\/solidaridadnews.com\/index.php?rest_route=\/wp\/v2\/posts\/33515\/revisions\/33516"}],"wp:featuredmedia":[{"embeddable":true,"href":"https:\/\/solidaridadnews.com\/index.php?rest_route=\/wp\/v2\/media\/33517"}],"wp:attachment":[{"href":"https:\/\/solidaridadnews.com\/index.php?rest_route=%2Fwp%2Fv2%2Fmedia&parent=33515"}],"wp:term":[{"taxonomy":"category","embeddable":true,"href":"https:\/\/solidaridadnews.com\/index.php?rest_route=%2Fwp%2Fv2%2Fcategories&post=33515"},{"taxonomy":"post_tag","embeddable":true,"href":"https:\/\/solidaridadnews.com\/index.php?rest_route=%2Fwp%2Fv2%2Ftags&post=33515"}],"curies":[{"name":"wp","href":"https:\/\/api.w.org\/{rel}","templated":true}]}}