{"id":33503,"date":"2024-05-30T13:22:12","date_gmt":"2024-05-30T18:22:12","guid":{"rendered":"https:\/\/solidaridadnews.com\/?p=33503"},"modified":"2024-05-30T18:22:13","modified_gmt":"2024-05-30T18:22:13","slug":"lupillo-rivera-reacciona-a-video-de-300-noches-de-belinda-y-natanael-cano-descarta-que-la-cancion-sea-para-el","status":"publish","type":"post","link":"https:\/\/solidaridadnews.com\/?p=33503","title":{"rendered":"Lupillo Rivera reacciona a video de &#8216;300 noches&#8217; de Belinda y Natanael Cano; descarta que la canci\u00f3n sea para \u00e9l"},"content":{"rendered":"<p>Hace unos d\u00edas Belinda y Natanael Cano estrenaron el video de su canci\u00f3n \u201c300 noches\u201d. La colaboraci\u00f3n ha sido aplaudida por muchas personas y ha dejado ver que para su nuevo disco, Beli podr\u00eda dedicarse de lleno a los corridos tumbados.<\/p>\n<p>Y quien tambi\u00e9n reaccion\u00f3 al video de Belinda con Natanael Cano fue Lupillo Rivera, exnovio de la famosa y quien recientemente sali\u00f3 del reality show \u201cLa Casa de los Famosos\u201d, en donde su participaci\u00f3n dividi\u00f3 opiniones.<\/p>\n<p>Lupillo Rivera reacciona al video de Belinda y Natanael Cano<br \/>\nFue por medio de una transmisi\u00f3n en vivo que Lupillo Rivera reaccion\u00f3 al video de Belinda y Natanael Cano, esto despu\u00e9s de que uno de sus hijos le mostrara el video clip mientras viajaban para tomar unas vacaciones.<\/p>\n<p>&nbsp;<\/p>\n<p>El cantante comenz\u00f3 a ver el video y no pudo ocultar su sorpresa en cada toma, ya que empez\u00f3 a hacer diferentes expresiones.<\/p>\n<p>\u201cOye qu\u00e9 onda, no hab\u00eda visto este video, this is cool&#8230; qu\u00e9 buenos videos se avienta esta morra\u201d, dijo el cantante.<\/p>\n<p>&nbsp;<\/p>\n<p>Cuando termin\u00f3 de ver el video, Lupillo Rivera dio su opini\u00f3n sobre el clip e incluso le mand\u00f3 saludos a su exnovia.<\/p>\n<p>\u201cEst\u00e1 interesante, ella cuando est\u00e1 flotando en el aire ah\u00ed, pinc\u2026 buenas tomas, ah cabr\u2026 pues, la neta, la neta ya mir\u00e9 el video y la neta s\u00ed est\u00e1 bien perro, pero no creo que tenga nada que ver, you know&#8230; debi\u00f3 ser nada m\u00e1s as\u00ed un video hecho de esa manera. Le mando un saludo a Beli, felicidades, muy buen video\u201d.<\/p>\n<p>Lupillo Rivera descarta que canci\u00f3n est\u00e9 dedicada a \u00e9l<br \/>\nA diferencia de \u201cCactus\u201d, canci\u00f3n que muchos creen que s\u00ed est\u00e1 dedicada a Christian Nodal, Lupillo Rivera descart\u00f3 que \u201c300 noches\u201d tenga dedicatoria para \u00e9l, ya que muchas personas por redes sociales le mencionaron que Belinda se la habr\u00eda escrito.<\/p>\n<p>\u201cYo no lo hab\u00eda visto y la gente empez\u00f3 a comentarme que si ya hab\u00eda visto la canci\u00f3n que me hab\u00eda hecho, naaah. Les mando un saludo para todos ustedes\u201d.<\/p>\n<p>&nbsp;<\/p>\n","protected":false},"excerpt":{"rendered":"<p>Hace unos d\u00edas Belinda y Natanael Cano estrenaron el video de su canci\u00f3n \u201c300 noches\u201d. La colaboraci\u00f3n ha sido aplaudida por muchas personas y ha dejado ver que para su nuevo disco, Beli podr\u00eda dedicarse de lleno a los corridos tumbados. Y quien tambi\u00e9n reaccion\u00f3 al video de Belinda con Natanael Cano fue Lupillo Rivera, [&hellip;]<\/p>\n","protected":false},"author":1,"featured_media":33505,"comment_status":"open","ping_status":"closed","sticky":false,"template":"","format":"standard","meta":{"footnotes":""},"categories":[3],"tags":[],"class_list":["post-33503","post","type-post","status-publish","format-standard","has-post-thumbnail","hentry","category-espectaculos"],"_links":{"self":[{"href":"https:\/\/solidaridadnews.com\/index.php?rest_route=\/wp\/v2\/posts\/33503","targetHints":{"allow":["GET"]}}],"collection":[{"href":"https:\/\/solidaridadnews.com\/index.php?rest_route=\/wp\/v2\/posts"}],"about":[{"href":"https:\/\/solidaridadnews.com\/index.php?rest_route=\/wp\/v2\/types\/post"}],"author":[{"embeddable":true,"href":"https:\/\/solidaridadnews.com\/index.php?rest_route=\/wp\/v2\/users\/1"}],"replies":[{"embeddable":true,"href":"https:\/\/solidaridadnews.com\/index.php?rest_route=%2Fwp%2Fv2%2Fcomments&post=33503"}],"version-history":[{"count":1,"href":"https:\/\/solidaridadnews.com\/index.php?rest_route=\/wp\/v2\/posts\/33503\/revisions"}],"predecessor-version":[{"id":33504,"href":"https:\/\/solidaridadnews.com\/index.php?rest_route=\/wp\/v2\/posts\/33503\/revisions\/33504"}],"wp:featuredmedia":[{"embeddable":true,"href":"https:\/\/solidaridadnews.com\/index.php?rest_route=\/wp\/v2\/media\/33505"}],"wp:attachment":[{"href":"https:\/\/solidaridadnews.com\/index.php?rest_route=%2Fwp%2Fv2%2Fmedia&parent=33503"}],"wp:term":[{"taxonomy":"category","embeddable":true,"href":"https:\/\/solidaridadnews.com\/index.php?rest_route=%2Fwp%2Fv2%2Fcategories&post=33503"},{"taxonomy":"post_tag","embeddable":true,"href":"https:\/\/solidaridadnews.com\/index.php?rest_route=%2Fwp%2Fv2%2Ftags&post=33503"}],"curies":[{"name":"wp","href":"https:\/\/api.w.org\/{rel}","templated":true}]}}