{"id":33500,"date":"2024-05-30T13:19:45","date_gmt":"2024-05-30T18:19:45","guid":{"rendered":"https:\/\/solidaridadnews.com\/?p=33500"},"modified":"2024-05-30T18:19:46","modified_gmt":"2024-05-30T18:19:46","slug":"pique-es-imputado-por-indicios-de-delito-en-el-caso-de-la-supercopa-de-espana","status":"publish","type":"post","link":"https:\/\/solidaridadnews.com\/?p=33500","title":{"rendered":"Piqu\u00e9 es imputado por indicios de delito en el caso de la Supercopa de Espa\u00f1a"},"content":{"rendered":"<p>En un nuevo giro de la investigaci\u00f3n sobre las presuntas irregularidades cometidas en la Real Federaci\u00f3n Espa\u00f1ola de F\u00fatbol (RFEF) durante la presidencia de Luis Rubiales, Gerard Piqu\u00e9 ha sido imputado. La magistrada encargada del caso, Delia Rodrigo, ha encontrado indicios de delito en la comisi\u00f3n de 4 millones de euros anuales que el exjugador del FC Barcelona habr\u00eda pactado recibir de Arabia Saud\u00ed por un acuerdo con la RFEF en relaci\u00f3n a la Supercopa de Espa\u00f1a.<\/p>\n<p>La imputaci\u00f3n de Gerard Piqu\u00e9 tiene su origen en los contratos establecidos el 11 de septiembre de 2019 entre la RFEF y las autoridades de Arabia Saud\u00ed, particularmente con la empresa SELA SPORT COMPANY Ltd., para organizar la Supercopa de Espa\u00f1a en Arabia Saud\u00ed<\/p>\n<p>Este acuerdo inclu\u00eda una comisi\u00f3n de \u00e9xito destinada a un \u00abtercer agente\u00bb no identificado, que ascend\u00eda a 4 millones de euros anuales. La suma de 4 millones de euros anuales se destinaba a un intermediario no identificado en el acuerdo original, lo que levant\u00f3 sospechas y llev\u00f3 a una investigaci\u00f3n m\u00e1s profunda. La magnitud de esta comisi\u00f3n y la falta de claridad sobre su destinatario inicial provocaron que la magistrada Rodrigo pusiera el foco en este aspecto del contrato.<\/p>\n<p>Se ha especulado \u2018tercer agente\u2019 es Piqu\u00e9, actuando a trav\u00e9s de su empresa Kosmos. La empresa del futbolista, Kosmos, fue identificada como la beneficiaria de esta comisi\u00f3n. Piqu\u00e9, en su papel de empresario y propietario de Kosmos, habr\u00eda gestionado este acuerdo que le aseguraba una considerable suma anual. Esta revelaci\u00f3n ha puesto en entredicho la transparencia de los acuerdos y ha involucrado directamente al exjugador en el esc\u00e1ndalo que sacude a la RFEF}<\/p>\n<p>&nbsp;<\/p>\n","protected":false},"excerpt":{"rendered":"<p>En un nuevo giro de la investigaci\u00f3n sobre las presuntas irregularidades cometidas en la Real Federaci\u00f3n Espa\u00f1ola de F\u00fatbol (RFEF) durante la presidencia de Luis Rubiales, Gerard Piqu\u00e9 ha sido imputado. La magistrada encargada del caso, Delia Rodrigo, ha encontrado indicios de delito en la comisi\u00f3n de 4 millones de euros anuales que el exjugador [&hellip;]<\/p>\n","protected":false},"author":1,"featured_media":33502,"comment_status":"open","ping_status":"closed","sticky":false,"template":"","format":"standard","meta":{"footnotes":""},"categories":[6],"tags":[],"class_list":["post-33500","post","type-post","status-publish","format-standard","has-post-thumbnail","hentry","category-deportes"],"_links":{"self":[{"href":"https:\/\/solidaridadnews.com\/index.php?rest_route=\/wp\/v2\/posts\/33500","targetHints":{"allow":["GET"]}}],"collection":[{"href":"https:\/\/solidaridadnews.com\/index.php?rest_route=\/wp\/v2\/posts"}],"about":[{"href":"https:\/\/solidaridadnews.com\/index.php?rest_route=\/wp\/v2\/types\/post"}],"author":[{"embeddable":true,"href":"https:\/\/solidaridadnews.com\/index.php?rest_route=\/wp\/v2\/users\/1"}],"replies":[{"embeddable":true,"href":"https:\/\/solidaridadnews.com\/index.php?rest_route=%2Fwp%2Fv2%2Fcomments&post=33500"}],"version-history":[{"count":1,"href":"https:\/\/solidaridadnews.com\/index.php?rest_route=\/wp\/v2\/posts\/33500\/revisions"}],"predecessor-version":[{"id":33501,"href":"https:\/\/solidaridadnews.com\/index.php?rest_route=\/wp\/v2\/posts\/33500\/revisions\/33501"}],"wp:featuredmedia":[{"embeddable":true,"href":"https:\/\/solidaridadnews.com\/index.php?rest_route=\/wp\/v2\/media\/33502"}],"wp:attachment":[{"href":"https:\/\/solidaridadnews.com\/index.php?rest_route=%2Fwp%2Fv2%2Fmedia&parent=33500"}],"wp:term":[{"taxonomy":"category","embeddable":true,"href":"https:\/\/solidaridadnews.com\/index.php?rest_route=%2Fwp%2Fv2%2Fcategories&post=33500"},{"taxonomy":"post_tag","embeddable":true,"href":"https:\/\/solidaridadnews.com\/index.php?rest_route=%2Fwp%2Fv2%2Ftags&post=33500"}],"curies":[{"name":"wp","href":"https:\/\/api.w.org\/{rel}","templated":true}]}}