{"id":33497,"date":"2024-05-29T11:14:12","date_gmt":"2024-05-29T16:14:12","guid":{"rendered":"https:\/\/solidaridadnews.com\/?p=33497"},"modified":"2024-05-29T16:14:13","modified_gmt":"2024-05-29T16:14:13","slug":"exposicion-de-arte-poiitiko-kolaz-reune-a-40-artistas-de-7-paises-en-playa-del-carmen","status":"publish","type":"post","link":"https:\/\/solidaridadnews.com\/?p=33497","title":{"rendered":"Exposici\u00f3n de arte \u201cPoiitik\u00f3 Kol\u00e1z\u201d re\u00fane a 40 artistas de 7 pa\u00edses en Playa del Carmen"},"content":{"rendered":"<p>Para que toda la comunidad solidarense pueda disfrutar de la cultura y las artes a trav\u00e9s del Instituto Municipal de la Cultura y las Artes se hace una invitaci\u00f3n a la pr\u00f3xima exposici\u00f3n que se realizar\u00e1 en la Galer\u00eda de Arte este 30 de mayo.<\/p>\n<p>&nbsp;<\/p>\n<p>La exposici\u00f3n \u201cPoiitik\u00f3 Kol\u00e1z\u201d la cual re\u00fane a 40 artistas de 7 pa\u00edses, se realizar\u00e1 este jueves a las 18:00 horas en la Galer\u00eda de Arte ubicada en planta baja del Palacio Municipal, en la colonia Centro, en donde estos artistas utilizar\u00e1n sus obras como medio de expresi\u00f3n.<\/p>\n<p>&nbsp;<\/p>\n<p>El acceso a esta galer\u00eda es entrada libre y podr\u00e1n visitarla en los siguientes horarios: martes, mi\u00e9rcoles, jueves y domingos de 9:00 a 17:00 horas, mientras que viernes y s\u00e1bados es de 12:00 a 20:00 horas.<\/p>\n","protected":false},"excerpt":{"rendered":"<p>Para que toda la comunidad solidarense pueda disfrutar de la cultura y las artes a trav\u00e9s del Instituto Municipal de la Cultura y las Artes se hace una invitaci\u00f3n a la pr\u00f3xima exposici\u00f3n que se realizar\u00e1 en la Galer\u00eda de Arte este 30 de mayo. &nbsp; La exposici\u00f3n \u201cPoiitik\u00f3 Kol\u00e1z\u201d la cual re\u00fane a 40 [&hellip;]<\/p>\n","protected":false},"author":1,"featured_media":33499,"comment_status":"open","ping_status":"closed","sticky":false,"template":"","format":"standard","meta":{"footnotes":""},"categories":[4],"tags":[],"class_list":["post-33497","post","type-post","status-publish","format-standard","has-post-thumbnail","hentry","category-local"],"_links":{"self":[{"href":"https:\/\/solidaridadnews.com\/index.php?rest_route=\/wp\/v2\/posts\/33497","targetHints":{"allow":["GET"]}}],"collection":[{"href":"https:\/\/solidaridadnews.com\/index.php?rest_route=\/wp\/v2\/posts"}],"about":[{"href":"https:\/\/solidaridadnews.com\/index.php?rest_route=\/wp\/v2\/types\/post"}],"author":[{"embeddable":true,"href":"https:\/\/solidaridadnews.com\/index.php?rest_route=\/wp\/v2\/users\/1"}],"replies":[{"embeddable":true,"href":"https:\/\/solidaridadnews.com\/index.php?rest_route=%2Fwp%2Fv2%2Fcomments&post=33497"}],"version-history":[{"count":1,"href":"https:\/\/solidaridadnews.com\/index.php?rest_route=\/wp\/v2\/posts\/33497\/revisions"}],"predecessor-version":[{"id":33498,"href":"https:\/\/solidaridadnews.com\/index.php?rest_route=\/wp\/v2\/posts\/33497\/revisions\/33498"}],"wp:featuredmedia":[{"embeddable":true,"href":"https:\/\/solidaridadnews.com\/index.php?rest_route=\/wp\/v2\/media\/33499"}],"wp:attachment":[{"href":"https:\/\/solidaridadnews.com\/index.php?rest_route=%2Fwp%2Fv2%2Fmedia&parent=33497"}],"wp:term":[{"taxonomy":"category","embeddable":true,"href":"https:\/\/solidaridadnews.com\/index.php?rest_route=%2Fwp%2Fv2%2Fcategories&post=33497"},{"taxonomy":"post_tag","embeddable":true,"href":"https:\/\/solidaridadnews.com\/index.php?rest_route=%2Fwp%2Fv2%2Ftags&post=33497"}],"curies":[{"name":"wp","href":"https:\/\/api.w.org\/{rel}","templated":true}]}}