{"id":33494,"date":"2024-05-29T10:32:50","date_gmt":"2024-05-29T15:32:50","guid":{"rendered":"https:\/\/solidaridadnews.com\/?p=33494"},"modified":"2024-05-29T15:32:50","modified_gmt":"2024-05-29T15:32:50","slug":"hay-un-caos-social-y-politico-con-tantos-ninos-que-no-tienen-que-comer-papa-francisco","status":"publish","type":"post","link":"https:\/\/solidaridadnews.com\/?p=33494","title":{"rendered":"Hay \u201cun caos social y pol\u00edtico\u201d con \u201ctantos ni\u00f1os que no tienen que comer\u201d: papa Francisco"},"content":{"rendered":"<p>El papa Francisco denunci\u00f3 este mi\u00e9rcoles durante la audiencia p\u00fablica que existe un \u201ccaos externo, social y pol\u00edtico\u201d y dijo que hay \u201ctantos ni\u00f1os que no tienen que comer\u201c, adem\u00e1s de volver a pedir el fin de las guerras.<\/p>\n<p>\u201cEn torno a nosotros podemos decir que hay un caos externo, pol\u00edtico y social con las guerras, y tantos y tantos ni\u00f1os que no tienen que comer, as\u00ed como injusticias sociales\u201d, exclam\u00f3 Francisco durante la catequesis.<\/p>\n<p>Ante miles de fieles en una Plaza de San Pedro abarrotada, el papa Francisco pidi\u00f3 el fin de las guerras y record\u00f3 que este fin de semana se encontr\u00f3 \u201ccon ni\u00f1os y ni\u00f1as que han sufrido heridas, han perdido las piernas y han padecido todo tipo de problemas f\u00edsicos\u201d a causa del conflicto en \u201cla martirizada Ucrania\u201d.<\/p>\n<p>\u201cNi\u00f1os y ni\u00f1as que tienen que volver a aprender a caminar y que han perdido la sonrisa\u201d, manifest\u00f3, y pidi\u00f3 que se rece para que acabe la guerra en Palestina e Israel, as\u00ed como Myanmar (Birmania), que es \u201cuna crueldad\u201d.<\/p>\n<p>Y puso el ejemplo del beato polaco Stefan Wyszynski de quien demand\u00f3 aprender \u201cla generosidad en responder a la pobreza\u201d, incluida \u201clas causadas por la guerra en tantos pa\u00edses\u201d.<\/p>\n<p>Francisco se refiri\u00f3 tambi\u00e9n que hay un \u201ccaos interno\u201d en las personas y que el externo \u201cno puede curarse\u201d si no se acaba primero con el interior, y sostuvo que el universo \u201csufre\u201d porque el hombre \u201clo ha sometido a la esclavitud de la corrupci\u00f3n\u201d.<\/p>\n<p>\u201cEl ap\u00f3stol Pablo (\u2026) habla de un universo que gime y sufre como con dolores de parto. Sufre a causa del hombre que lo ha sometido a la esclavitud de la corrupci\u00f3n\u201d, se\u00f1al\u00f3.<\/p>\n","protected":false},"excerpt":{"rendered":"<p>El papa Francisco denunci\u00f3 este mi\u00e9rcoles durante la audiencia p\u00fablica que existe un \u201ccaos externo, social y pol\u00edtico\u201d y dijo que hay \u201ctantos ni\u00f1os que no tienen que comer\u201c, adem\u00e1s de volver a pedir el fin de las guerras. \u201cEn torno a nosotros podemos decir que hay un caos externo, pol\u00edtico y social con las [&hellip;]<\/p>\n","protected":false},"author":1,"featured_media":33496,"comment_status":"open","ping_status":"closed","sticky":false,"template":"","format":"standard","meta":{"footnotes":""},"categories":[9],"tags":[],"class_list":["post-33494","post","type-post","status-publish","format-standard","has-post-thumbnail","hentry","category-internacional"],"_links":{"self":[{"href":"https:\/\/solidaridadnews.com\/index.php?rest_route=\/wp\/v2\/posts\/33494","targetHints":{"allow":["GET"]}}],"collection":[{"href":"https:\/\/solidaridadnews.com\/index.php?rest_route=\/wp\/v2\/posts"}],"about":[{"href":"https:\/\/solidaridadnews.com\/index.php?rest_route=\/wp\/v2\/types\/post"}],"author":[{"embeddable":true,"href":"https:\/\/solidaridadnews.com\/index.php?rest_route=\/wp\/v2\/users\/1"}],"replies":[{"embeddable":true,"href":"https:\/\/solidaridadnews.com\/index.php?rest_route=%2Fwp%2Fv2%2Fcomments&post=33494"}],"version-history":[{"count":1,"href":"https:\/\/solidaridadnews.com\/index.php?rest_route=\/wp\/v2\/posts\/33494\/revisions"}],"predecessor-version":[{"id":33495,"href":"https:\/\/solidaridadnews.com\/index.php?rest_route=\/wp\/v2\/posts\/33494\/revisions\/33495"}],"wp:featuredmedia":[{"embeddable":true,"href":"https:\/\/solidaridadnews.com\/index.php?rest_route=\/wp\/v2\/media\/33496"}],"wp:attachment":[{"href":"https:\/\/solidaridadnews.com\/index.php?rest_route=%2Fwp%2Fv2%2Fmedia&parent=33494"}],"wp:term":[{"taxonomy":"category","embeddable":true,"href":"https:\/\/solidaridadnews.com\/index.php?rest_route=%2Fwp%2Fv2%2Fcategories&post=33494"},{"taxonomy":"post_tag","embeddable":true,"href":"https:\/\/solidaridadnews.com\/index.php?rest_route=%2Fwp%2Fv2%2Ftags&post=33494"}],"curies":[{"name":"wp","href":"https:\/\/api.w.org\/{rel}","templated":true}]}}