{"id":33485,"date":"2024-05-29T10:25:29","date_gmt":"2024-05-29T15:25:29","guid":{"rendered":"https:\/\/solidaridadnews.com\/?p=33485"},"modified":"2024-05-29T15:25:30","modified_gmt":"2024-05-29T15:25:30","slug":"dueno-de-mallorca-elogio-a-javier-aguirre-estamos-orgullosos-de-lo-que-logro-aqui","status":"publish","type":"post","link":"https:\/\/solidaridadnews.com\/?p=33485","title":{"rendered":"Due\u00f1o de Mallorca elogi\u00f3 a Javier Aguirre: \u00abEstamos orgullosos de lo que logr\u00f3 aqu\u00ed\u00bb"},"content":{"rendered":"<p>El presidente y m\u00e1ximo accionista de Mallorca, Andy Kohlberg, elogi\u00f3 al mexicano Javier Aguirre y aplaudi\u00f3 la labor que realiz\u00f3 durante los dos a\u00f1os y tres meses al frente del equipo bermell\u00f3n, a pesar de lo cual la entidad balear decidi\u00f3 no renovar el contrato del &#8216;Vasco&#8217;. \u00abEstamos extremadamente orgullosos de lo que Javier ha logrado aqu\u00ed\u00bb.<\/p>\n<p>\u00abHa sido un gran entrenador para nosotros y es una excelente persona. He disfrutado conoci\u00e9ndolo y lo respeto enormemente por lo que ha hecho por el club y todos los aficionados\u00bb, declar\u00f3 Kohlberg en una entrevista difundida por Mallorca, que con la direcci\u00f3n t\u00e9cnica del mexicano evit\u00f3 el descenso, jug\u00f3 a la Final de la Copa del Rey y con ello clasific\u00f3 a la pr\u00f3xima edici\u00f3n de la Supercopa de Espa\u00f1a.<\/p>\n<p>\u00abHa sido una temporada emocionante con la Copa del Rey. Llegar a la Final fue un logro incre\u00edble para el club y un orgullo para la isla. Y mantuvimos nuestro objetivo de seguir en LaLiga. As\u00ed que, en general, con ambas cosas, ha sido un momento emocionante para el club y un buen a\u00f1o\u00bb, a\u00f1adi\u00f3 el empresario, que por otra parte se\u00f1al\u00f3 que tienen nuevas metas.<\/p>\n<p>Tras asegurar una cuarta temporada al hilo en la m\u00e1xima temporada del futbol espa\u00f1ol, el objetivo del club bermell\u00f3n es seguir creciendo. \u00abNo es f\u00e1cil, el camino va a ser duro, pero estamos comprometidos a invertir en el club y en los jugadores y a que el crecimiento contin\u00fae como lo hemos hecho en los \u00faltimos ocho a\u00f1os\u00bb, apunt\u00f3<\/p>\n<p>Por otra parte, destac\u00f3 el incremento de abonados y de seguidores en redes sociales, lo que habla de la conexi\u00f3n del club con la afici\u00f3n. Por ello, ahora el objetivo es pelear por los primers puestos y regalarle m\u00e1s alegr\u00edas a sus fan\u00e1ticos. \u00abNuestro objetivo principal es seguir creciendo, permanecer en LaLiga y estar entre los 10 primeros y competir por Europa en ocasiones, queremos fortalecer la plantilla y seguir creciendo tanto dentro como fuera del campo y mejorar la experiencia de los aficionados en el estadio\u00bb<\/p>\n","protected":false},"excerpt":{"rendered":"<p>El presidente y m\u00e1ximo accionista de Mallorca, Andy Kohlberg, elogi\u00f3 al mexicano Javier Aguirre y aplaudi\u00f3 la labor que realiz\u00f3 durante los dos a\u00f1os y tres meses al frente del equipo bermell\u00f3n, a pesar de lo cual la entidad balear decidi\u00f3 no renovar el contrato del &#8216;Vasco&#8217;. \u00abEstamos extremadamente orgullosos de lo que Javier ha [&hellip;]<\/p>\n","protected":false},"author":1,"featured_media":33487,"comment_status":"open","ping_status":"closed","sticky":false,"template":"","format":"standard","meta":{"footnotes":""},"categories":[6],"tags":[],"class_list":["post-33485","post","type-post","status-publish","format-standard","has-post-thumbnail","hentry","category-deportes"],"_links":{"self":[{"href":"https:\/\/solidaridadnews.com\/index.php?rest_route=\/wp\/v2\/posts\/33485","targetHints":{"allow":["GET"]}}],"collection":[{"href":"https:\/\/solidaridadnews.com\/index.php?rest_route=\/wp\/v2\/posts"}],"about":[{"href":"https:\/\/solidaridadnews.com\/index.php?rest_route=\/wp\/v2\/types\/post"}],"author":[{"embeddable":true,"href":"https:\/\/solidaridadnews.com\/index.php?rest_route=\/wp\/v2\/users\/1"}],"replies":[{"embeddable":true,"href":"https:\/\/solidaridadnews.com\/index.php?rest_route=%2Fwp%2Fv2%2Fcomments&post=33485"}],"version-history":[{"count":1,"href":"https:\/\/solidaridadnews.com\/index.php?rest_route=\/wp\/v2\/posts\/33485\/revisions"}],"predecessor-version":[{"id":33486,"href":"https:\/\/solidaridadnews.com\/index.php?rest_route=\/wp\/v2\/posts\/33485\/revisions\/33486"}],"wp:featuredmedia":[{"embeddable":true,"href":"https:\/\/solidaridadnews.com\/index.php?rest_route=\/wp\/v2\/media\/33487"}],"wp:attachment":[{"href":"https:\/\/solidaridadnews.com\/index.php?rest_route=%2Fwp%2Fv2%2Fmedia&parent=33485"}],"wp:term":[{"taxonomy":"category","embeddable":true,"href":"https:\/\/solidaridadnews.com\/index.php?rest_route=%2Fwp%2Fv2%2Fcategories&post=33485"},{"taxonomy":"post_tag","embeddable":true,"href":"https:\/\/solidaridadnews.com\/index.php?rest_route=%2Fwp%2Fv2%2Ftags&post=33485"}],"curies":[{"name":"wp","href":"https:\/\/api.w.org\/{rel}","templated":true}]}}