{"id":33482,"date":"2024-05-29T10:23:49","date_gmt":"2024-05-29T15:23:49","guid":{"rendered":"https:\/\/solidaridadnews.com\/?p=33482"},"modified":"2024-05-29T15:23:50","modified_gmt":"2024-05-29T15:23:50","slug":"campana-de-biden-se-enfoca-en-la-poblacion-afroamericana-de-los-estados-clave","status":"publish","type":"post","link":"https:\/\/solidaridadnews.com\/?p=33482","title":{"rendered":"Campa\u00f1a de Biden se enfoca en la poblaci\u00f3n afroamericana de los estados clave"},"content":{"rendered":"<p>La campa\u00f1a del presidente de EE.UU., el dem\u00f3crata Joe Biden, iniciar\u00e1 una estrategia para captar votantes afroamericanos, que comenzar\u00e1 con un mitin en Filadelfia, ciudad del estado clave de Pensilvania, en el que participar\u00e1 el mandatario y candidato a la reelecci\u00f3n.<\/p>\n<p>A trav\u00e9s de un comunicado, el equipo Biden-Harris inform\u00f3 del comienzo de una campa\u00f1a que durar\u00e1 todo el verano y tendr\u00e1 \u201cuna inversi\u00f3n de ocho cifras\u201d a nivel nacional en todos los estados clave para llegar \u201ca la columna vertebral de la coalici\u00f3n Biden-Harris: los votantes negros\u201d.<\/p>\n<p>Estos votantes, a\u00f1ade el comunicado, jugaron \u201cun papel decisivo\u201d en la elecci\u00f3n de Joe Biden y Kamala Harris en 2020, que el presidente dem\u00f3crata gan\u00f3 al republicano Donald Trump, quien tambi\u00e9n aspirar\u00e1 a la victoria el pr\u00f3ximo 5 de noviembre y hoy es favorito seg\u00fan las encuestas.<\/p>\n<p>\u201cAhora, estos mismos votantes ser\u00e1n fundamentales para derrotar la agenda racista y t\u00f3xica de Trump en las urnas otra vez\u201d, afirma el texto.<\/p>\n<p>La campa\u00f1a \u2018Black Voters for Biden-Harris\u2018 comienza con un mitin en el Girard College, una escuela de mayor\u00eda negra en Filadelfia, al que asistir\u00e1n l\u00edderes afroamericanos de todo el pa\u00eds, entre ellos el gobernador de Maryland, Wes Moore y la vicepresidenta, Kamala Harris.<\/p>\n<p>\u201cNuestra campa\u00f1a cree que los votantes negros merecen escuchar al equipo Biden-Harris y merecen que su voto se gane, no que se d\u00e9 por sentado\u201d, se\u00f1ala el comunicado.<\/p>\n<p>Adem\u00e1s de una campa\u00f1a en medios, en los pr\u00f3ximos meses se celebrar\u00e1n numerosas actividades, principalmente en estados como Arizona, Nevada, Wisconsin o M\u00edchigan, dirigidas a captar el voto de la poblaci\u00f3n afroamericana.<\/p>\n<p>Estos son los conocidos como \u2018estados morados\u2019 o bisagra, en los que no hay definido a priori un candidato ganador por lo estrecho del margen entre ambos y que, por lo tanto, ser\u00e1n claves para la victoria.<\/p>\n","protected":false},"excerpt":{"rendered":"<p>La campa\u00f1a del presidente de EE.UU., el dem\u00f3crata Joe Biden, iniciar\u00e1 una estrategia para captar votantes afroamericanos, que comenzar\u00e1 con un mitin en Filadelfia, ciudad del estado clave de Pensilvania, en el que participar\u00e1 el mandatario y candidato a la reelecci\u00f3n. A trav\u00e9s de un comunicado, el equipo Biden-Harris inform\u00f3 del comienzo de una campa\u00f1a [&hellip;]<\/p>\n","protected":false},"author":1,"featured_media":33484,"comment_status":"open","ping_status":"closed","sticky":false,"template":"","format":"standard","meta":{"footnotes":""},"categories":[9],"tags":[],"class_list":["post-33482","post","type-post","status-publish","format-standard","has-post-thumbnail","hentry","category-internacional"],"_links":{"self":[{"href":"https:\/\/solidaridadnews.com\/index.php?rest_route=\/wp\/v2\/posts\/33482","targetHints":{"allow":["GET"]}}],"collection":[{"href":"https:\/\/solidaridadnews.com\/index.php?rest_route=\/wp\/v2\/posts"}],"about":[{"href":"https:\/\/solidaridadnews.com\/index.php?rest_route=\/wp\/v2\/types\/post"}],"author":[{"embeddable":true,"href":"https:\/\/solidaridadnews.com\/index.php?rest_route=\/wp\/v2\/users\/1"}],"replies":[{"embeddable":true,"href":"https:\/\/solidaridadnews.com\/index.php?rest_route=%2Fwp%2Fv2%2Fcomments&post=33482"}],"version-history":[{"count":1,"href":"https:\/\/solidaridadnews.com\/index.php?rest_route=\/wp\/v2\/posts\/33482\/revisions"}],"predecessor-version":[{"id":33483,"href":"https:\/\/solidaridadnews.com\/index.php?rest_route=\/wp\/v2\/posts\/33482\/revisions\/33483"}],"wp:featuredmedia":[{"embeddable":true,"href":"https:\/\/solidaridadnews.com\/index.php?rest_route=\/wp\/v2\/media\/33484"}],"wp:attachment":[{"href":"https:\/\/solidaridadnews.com\/index.php?rest_route=%2Fwp%2Fv2%2Fmedia&parent=33482"}],"wp:term":[{"taxonomy":"category","embeddable":true,"href":"https:\/\/solidaridadnews.com\/index.php?rest_route=%2Fwp%2Fv2%2Fcategories&post=33482"},{"taxonomy":"post_tag","embeddable":true,"href":"https:\/\/solidaridadnews.com\/index.php?rest_route=%2Fwp%2Fv2%2Ftags&post=33482"}],"curies":[{"name":"wp","href":"https:\/\/api.w.org\/{rel}","templated":true}]}}