{"id":33471,"date":"2024-05-28T09:56:31","date_gmt":"2024-05-28T14:56:31","guid":{"rendered":"https:\/\/solidaridadnews.com\/?p=33471"},"modified":"2024-05-28T14:56:32","modified_gmt":"2024-05-28T14:56:32","slug":"mexico-se-solidariza-con-papua-tras-avalancha-que-dejo-mas-de-2-mil-personas-enterradas","status":"publish","type":"post","link":"https:\/\/solidaridadnews.com\/?p=33471","title":{"rendered":"M\u00e9xico se solidariza con Pap\u00faa tras avalancha que dej\u00f3 m\u00e1s de 2 mil personas enterradas"},"content":{"rendered":"<p>M\u00e9xico mostr\u00f3 su solidaridad con el pueblo y autoridades de Pap\u00faa Nueva Guinea por un deslizamiento de tierra ocurrido el pasado viernes<\/p>\n<p>MAYO 27, 2024<br \/>\nLa titular de la Secretar\u00eda de Relaciones Exteriores (SRE) de M\u00e9xico, Alicia B\u00e1rcena, mostr\u00f3 su solidaridad con el pueblo y autoridades de Pap\u00faa Nueva Guinea por un deslizamiento de tierra ocurrido el pasado viernes y que provoc\u00f3 que m\u00e1s de 2 mil personas quedaran enterradas.<\/p>\n<p>\u201cMi solidaridad y apoyo al pueblo de Pap\u00faa Nueva Guinea y a sus autoridades por el terrible deslizamiento de tierra registrado hace unos d\u00edas. Nuestras condolencias a las familias de las v\u00edctimas\u201d, apunt\u00f3 B\u00e1rcena en un mensaje en la red social X.<\/p>\n<p>La canciller agreg\u00f3 que hasta el momento, la dependencia a su cargo \u201cno cuenta con reportes sobre personas mexicanas incluidas entre ellas (las v\u00edctimas)\u201d.<\/p>\n<p>Este lunes, el Centro Nacional de Desastres de Pap\u00faa Nueva Guinea confirm\u00f3 que m\u00e1s de 2 mil personas quedaron enterradas por la gran avalancha que asol\u00f3 una remota localidad del norte del pa\u00eds la madrugada del viernes.<\/p>\n<p>Seg\u00fan una carta del centro fechada el domingo y enviada al coordinador de la ONU en el pa\u00eds, a la que tuvo acceso EFE este lunes, \u201cm\u00e1s de 2 mil personas quedaron enterradas vivas\u201d por la \u201cmasiva avalancha\u201d ocurrida cerca de la mina de oro Porgera, en la provincia de Enga, al norte del pa\u00eds.<\/p>\n<p>El alud, que ocurri\u00f3 el viernes, \u201cprovoc\u00f3 una gran destrucci\u00f3n de edificios, jardines y gener\u00f3 un gran impacto en el sustento econ\u00f3mico del pa\u00eds\u201d, se\u00f1ala la misiva, que a\u00f1ade que la principal carretera de acceso a la mina de Porgera \u201cest\u00e1 completamente bloqueada\u201d.<\/p>\n<p>\u201cLa situaci\u00f3n contin\u00faa inestable pues el deslizamiento de tierra contin\u00faa lentamente, lo que supone a\u00fan un peligro para los equipos de rescate y los supervivientes\u201d, subraya la carta.<\/p>\n<p>Fuentes de la ONU consultadas informan de la dificultad de determinar con exactitud el n\u00famero de v\u00edctimas mortales y desaparecidos debido en parte al trabajoso operativo de rescate por la inestabilidad del terreno y el dif\u00edcil acceso a la zona.<\/p>\n<p>El derrumbe de parte de una monta\u00f1a la madrugada del viernes impact\u00f3 sobre el poblado de Kaokalam, a unos 600 kil\u00f3metros de la capital del pa\u00eds, Port Moresby, sepultando las viviendas por una capa de entre seis y ocho metros de profundidad.<\/p>\n","protected":false},"excerpt":{"rendered":"<p>M\u00e9xico mostr\u00f3 su solidaridad con el pueblo y autoridades de Pap\u00faa Nueva Guinea por un deslizamiento de tierra ocurrido el pasado viernes MAYO 27, 2024 La titular de la Secretar\u00eda de Relaciones Exteriores (SRE) de M\u00e9xico, Alicia B\u00e1rcena, mostr\u00f3 su solidaridad con el pueblo y autoridades de Pap\u00faa Nueva Guinea por un deslizamiento de tierra [&hellip;]<\/p>\n","protected":false},"author":1,"featured_media":33473,"comment_status":"open","ping_status":"closed","sticky":false,"template":"","format":"standard","meta":{"footnotes":""},"categories":[9],"tags":[],"class_list":["post-33471","post","type-post","status-publish","format-standard","has-post-thumbnail","hentry","category-internacional"],"_links":{"self":[{"href":"https:\/\/solidaridadnews.com\/index.php?rest_route=\/wp\/v2\/posts\/33471","targetHints":{"allow":["GET"]}}],"collection":[{"href":"https:\/\/solidaridadnews.com\/index.php?rest_route=\/wp\/v2\/posts"}],"about":[{"href":"https:\/\/solidaridadnews.com\/index.php?rest_route=\/wp\/v2\/types\/post"}],"author":[{"embeddable":true,"href":"https:\/\/solidaridadnews.com\/index.php?rest_route=\/wp\/v2\/users\/1"}],"replies":[{"embeddable":true,"href":"https:\/\/solidaridadnews.com\/index.php?rest_route=%2Fwp%2Fv2%2Fcomments&post=33471"}],"version-history":[{"count":1,"href":"https:\/\/solidaridadnews.com\/index.php?rest_route=\/wp\/v2\/posts\/33471\/revisions"}],"predecessor-version":[{"id":33472,"href":"https:\/\/solidaridadnews.com\/index.php?rest_route=\/wp\/v2\/posts\/33471\/revisions\/33472"}],"wp:featuredmedia":[{"embeddable":true,"href":"https:\/\/solidaridadnews.com\/index.php?rest_route=\/wp\/v2\/media\/33473"}],"wp:attachment":[{"href":"https:\/\/solidaridadnews.com\/index.php?rest_route=%2Fwp%2Fv2%2Fmedia&parent=33471"}],"wp:term":[{"taxonomy":"category","embeddable":true,"href":"https:\/\/solidaridadnews.com\/index.php?rest_route=%2Fwp%2Fv2%2Fcategories&post=33471"},{"taxonomy":"post_tag","embeddable":true,"href":"https:\/\/solidaridadnews.com\/index.php?rest_route=%2Fwp%2Fv2%2Ftags&post=33471"}],"curies":[{"name":"wp","href":"https:\/\/api.w.org\/{rel}","templated":true}]}}