{"id":33465,"date":"2024-05-28T09:50:58","date_gmt":"2024-05-28T14:50:58","guid":{"rendered":"https:\/\/solidaridadnews.com\/?p=33465"},"modified":"2024-05-28T14:50:59","modified_gmt":"2024-05-28T14:50:59","slug":"lider-francesa-marion-marechal-es-denunciada-por-llamar-hombre-a-karla-sofia-gascon-actriz-responde","status":"publish","type":"post","link":"https:\/\/solidaridadnews.com\/?p=33465","title":{"rendered":"L\u00edder francesa, Marion Mar\u00e9chal, es denunciada por llamar &#8216;hombre&#8217; a Karla Sof\u00eda Gasc\u00f3n; actriz responde"},"content":{"rendered":"<p>Un grupo de seis organizaciones francesas contra la homofobia anunci\u00f3 este lunes la presentaci\u00f3n de una demanda contra la dirigente ultraderechista Marion Mar\u00e9chal. La controversia surgi\u00f3 despu\u00e9s de que Mar\u00e9chal afirmara que el Festival de Cannes otorg\u00f3 su premio de interpretaci\u00f3n femenina a \u00abun hombre\u00bb, haciendo refererencia a la actriz tras Karla Sof\u00eda Gasc\u00f3n.<\/p>\n<p>Karla Sof\u00eda Gasc\u00f3n, quien junto a sus compa\u00f1eras en la pel\u00edcula \u00abEmilia P\u00e9rez\u00bb, recibi\u00f3 el galard\u00f3n el pasado s\u00e1bado,marcando un hito hist\u00f3rico ya que Gasc\u00f3n es la primera mujer trans en ganar en el prestigioso festival.<\/p>\n<p>La reacci\u00f3n de Mar\u00e9chal, expresada en la plataforma X, ha sido ampliamente criticada y calificada como transf\u00f3bica, generando una respuesta legal significativa de las organizaciones LGTB+.<\/p>\n<p>\u00abEs un hombre quien ha recibido el premio de interpretaci\u00f3n femenina. El progreso para la izquierda es borrar a las mujeres y a las madres\u00bb, escribi\u00f3 en X Marion Mar\u00e9chal.<\/p>\n<p>Karla Sof\u00eda Gasc\u00f3n: Primera mujer trans en ganar en Cannes<br \/>\nKarla Sof\u00eda Gasc\u00f3n hizo historia en el Festival de Cannes al convertirse en la primera int\u00e9rprete trans en recibir un premio en este reconocido certamen. La pel\u00edcula &#8216;Emilia P\u00e9rez&#8217; y su elenco femenino fueron galardonados, destacando la diversidad y el talento en la industria cinematogr\u00e1fica.<\/p>\n<p>Este logro no solo representa un avance significativo para la comunidad trans, sino que tambi\u00e9n subraya la inclusi\u00f3n y reconocimiento de actores transg\u00e9nero en espacios prominentes.<\/p>\n","protected":false},"excerpt":{"rendered":"<p>Un grupo de seis organizaciones francesas contra la homofobia anunci\u00f3 este lunes la presentaci\u00f3n de una demanda contra la dirigente ultraderechista Marion Mar\u00e9chal. La controversia surgi\u00f3 despu\u00e9s de que Mar\u00e9chal afirmara que el Festival de Cannes otorg\u00f3 su premio de interpretaci\u00f3n femenina a \u00abun hombre\u00bb, haciendo refererencia a la actriz tras Karla Sof\u00eda Gasc\u00f3n. Karla [&hellip;]<\/p>\n","protected":false},"author":1,"featured_media":33467,"comment_status":"open","ping_status":"closed","sticky":false,"template":"","format":"standard","meta":{"footnotes":""},"categories":[3],"tags":[],"class_list":["post-33465","post","type-post","status-publish","format-standard","has-post-thumbnail","hentry","category-espectaculos"],"_links":{"self":[{"href":"https:\/\/solidaridadnews.com\/index.php?rest_route=\/wp\/v2\/posts\/33465","targetHints":{"allow":["GET"]}}],"collection":[{"href":"https:\/\/solidaridadnews.com\/index.php?rest_route=\/wp\/v2\/posts"}],"about":[{"href":"https:\/\/solidaridadnews.com\/index.php?rest_route=\/wp\/v2\/types\/post"}],"author":[{"embeddable":true,"href":"https:\/\/solidaridadnews.com\/index.php?rest_route=\/wp\/v2\/users\/1"}],"replies":[{"embeddable":true,"href":"https:\/\/solidaridadnews.com\/index.php?rest_route=%2Fwp%2Fv2%2Fcomments&post=33465"}],"version-history":[{"count":1,"href":"https:\/\/solidaridadnews.com\/index.php?rest_route=\/wp\/v2\/posts\/33465\/revisions"}],"predecessor-version":[{"id":33466,"href":"https:\/\/solidaridadnews.com\/index.php?rest_route=\/wp\/v2\/posts\/33465\/revisions\/33466"}],"wp:featuredmedia":[{"embeddable":true,"href":"https:\/\/solidaridadnews.com\/index.php?rest_route=\/wp\/v2\/media\/33467"}],"wp:attachment":[{"href":"https:\/\/solidaridadnews.com\/index.php?rest_route=%2Fwp%2Fv2%2Fmedia&parent=33465"}],"wp:term":[{"taxonomy":"category","embeddable":true,"href":"https:\/\/solidaridadnews.com\/index.php?rest_route=%2Fwp%2Fv2%2Fcategories&post=33465"},{"taxonomy":"post_tag","embeddable":true,"href":"https:\/\/solidaridadnews.com\/index.php?rest_route=%2Fwp%2Fv2%2Ftags&post=33465"}],"curies":[{"name":"wp","href":"https:\/\/api.w.org\/{rel}","templated":true}]}}