{"id":33456,"date":"2024-05-27T12:27:52","date_gmt":"2024-05-27T17:27:52","guid":{"rendered":"https:\/\/solidaridadnews.com\/?p=33456"},"modified":"2024-05-27T17:27:53","modified_gmt":"2024-05-27T17:27:53","slug":"sufre-namibia-extrema-sequia","status":"publish","type":"post","link":"https:\/\/solidaridadnews.com\/?p=33456","title":{"rendered":"Sufre Namibia extrema sequ\u00eda"},"content":{"rendered":"<p>Hay una sequ\u00eda tremenda en Namibia. Es invierno y est\u00e1n a m\u00e1s de 30 grados cent\u00edgrados en el d\u00eda, cuando deber\u00edan estar en 20.<\/p>\n<p>Los r\u00edos est\u00e1n secos desde hace a\u00f1os.<\/p>\n<p>Los elefantes del desierto pueden comer plantas por las corrientes subterr\u00e1neas que pasan por la zona, aunque este r\u00edo \u201cef\u00edmero\u201d no ha tenido agua en 6 a 7 a\u00f1os.<\/p>\n","protected":false},"excerpt":{"rendered":"<p>Hay una sequ\u00eda tremenda en Namibia. Es invierno y est\u00e1n a m\u00e1s de 30 grados cent\u00edgrados en el d\u00eda, cuando deber\u00edan estar en 20. Los r\u00edos est\u00e1n secos desde hace a\u00f1os. Los elefantes del desierto pueden comer plantas por las corrientes subterr\u00e1neas que pasan por la zona, aunque este r\u00edo \u201cef\u00edmero\u201d no ha tenido agua [&hellip;]<\/p>\n","protected":false},"author":1,"featured_media":33458,"comment_status":"open","ping_status":"closed","sticky":false,"template":"","format":"standard","meta":{"footnotes":""},"categories":[9],"tags":[],"class_list":["post-33456","post","type-post","status-publish","format-standard","has-post-thumbnail","hentry","category-internacional"],"_links":{"self":[{"href":"https:\/\/solidaridadnews.com\/index.php?rest_route=\/wp\/v2\/posts\/33456","targetHints":{"allow":["GET"]}}],"collection":[{"href":"https:\/\/solidaridadnews.com\/index.php?rest_route=\/wp\/v2\/posts"}],"about":[{"href":"https:\/\/solidaridadnews.com\/index.php?rest_route=\/wp\/v2\/types\/post"}],"author":[{"embeddable":true,"href":"https:\/\/solidaridadnews.com\/index.php?rest_route=\/wp\/v2\/users\/1"}],"replies":[{"embeddable":true,"href":"https:\/\/solidaridadnews.com\/index.php?rest_route=%2Fwp%2Fv2%2Fcomments&post=33456"}],"version-history":[{"count":1,"href":"https:\/\/solidaridadnews.com\/index.php?rest_route=\/wp\/v2\/posts\/33456\/revisions"}],"predecessor-version":[{"id":33457,"href":"https:\/\/solidaridadnews.com\/index.php?rest_route=\/wp\/v2\/posts\/33456\/revisions\/33457"}],"wp:featuredmedia":[{"embeddable":true,"href":"https:\/\/solidaridadnews.com\/index.php?rest_route=\/wp\/v2\/media\/33458"}],"wp:attachment":[{"href":"https:\/\/solidaridadnews.com\/index.php?rest_route=%2Fwp%2Fv2%2Fmedia&parent=33456"}],"wp:term":[{"taxonomy":"category","embeddable":true,"href":"https:\/\/solidaridadnews.com\/index.php?rest_route=%2Fwp%2Fv2%2Fcategories&post=33456"},{"taxonomy":"post_tag","embeddable":true,"href":"https:\/\/solidaridadnews.com\/index.php?rest_route=%2Fwp%2Fv2%2Ftags&post=33456"}],"curies":[{"name":"wp","href":"https:\/\/api.w.org\/{rel}","templated":true}]}}