{"id":33438,"date":"2024-05-24T19:42:19","date_gmt":"2024-05-25T00:42:19","guid":{"rendered":"https:\/\/solidaridadnews.com\/?p=33438"},"modified":"2024-06-05T15:56:16","modified_gmt":"2024-06-05T15:56:16","slug":"borrador-automatico-3","status":"publish","type":"post","link":"https:\/\/solidaridadnews.com\/?p=33438","title":{"rendered":"Diego Vald\u00e9s e Igor Lichnovsky convocados con Chile previo a Copa Am\u00e9rica"},"content":{"rendered":"<p>Listos para la Copa Am\u00e9rica. Am\u00e9rica se prepara para la Final de Vuelta ante Cruz Azul de este domingo, sin embargo, algunos de sus jugadores ya empiezan a festejar pues han sido convocados rumbo a la Copa Am\u00e9rica de este verano.<\/p>\n<p>Este jueves Chile dio a conocer la convocatoria de Ricardo Gareca para el partido amistoso ante Paraguay previo al torneo intercontinental, donde se destaca la participaci\u00f3n de dos futbolistas azulcremas, Diego Vald\u00e9s e Igor Lichnovsky.<\/p>\n<p>Chile s\u00f3lo tendr\u00e1 un partido amistoso previo al inicio de la Copa Am\u00e9rica, por lo que, los jugadores convocados a este juego, apuntan a ser quienes vayan a Estados Unidos este junio para afrontar el torneo.<\/p>\n<p>Caba destacar que Lichnovsky ha formado parte de la Selecci\u00f3n durante sus \u00faltimos partidos, e incluso fue titular tanto contra Albania como contra Francia, ambos fueron los primeros encuentros de Gareca como entrenador de la Roja.<\/p>\n<p>Diego Vald\u00e9s por su parte, regresa a la Selecci\u00f3n tras no ser convocado a los \u00faltimos cuatro partidos. El \u00faltimo encuentro que disput\u00f3 fue en la derrota ante Venezuela en las Eliminatorias rumbo al Mundial el 17 de octubre del 2023.<\/p>\n<p>Todos los convocados<br \/>\nGabriel Arias<br \/>\nMarcos Bolados<br \/>\nClaudio Bravo<br \/>\nBenjam\u00edn Brereton<br \/>\nMat\u00edas Catal\u00e1n<br \/>\nBrayan Cortes<br \/>\nV\u00edctor D\u00e1vila<br \/>\nPaulo Diaz<br \/>\nRodrigo Echeverr\u00eda<br \/>\nThomas Galdames<br \/>\nMaximiliano Guerrero<br \/>\nMauricio Isla<br \/>\nIgor Lichnovsky<br \/>\nFelipe Loyola<br \/>\nGuillermo Marip\u00e1n<br \/>\nMarcelino N\u00fa\u00f1ez<br \/>\nDar\u00edo Osorio<br \/>\nCesar P\u00e9rez<br \/>\nErick Pulgar<br \/>\nAlexis S\u00e1nchez<br \/>\nGabriel Suazo<br \/>\nDiego Vald\u00e9s<br \/>\nEduardo Vargas<br \/>\nCristi\u00e1n Zavala<\/p>\n","protected":false},"excerpt":{"rendered":"<p>Listos para la Copa Am\u00e9rica. Am\u00e9rica se prepara para la Final de Vuelta ante Cruz Azul de este domingo, sin embargo, algunos de sus jugadores ya empiezan a festejar pues han sido convocados rumbo a la Copa Am\u00e9rica de este verano. Este jueves Chile dio a conocer la convocatoria de Ricardo Gareca para el partido [&hellip;]<\/p>\n","protected":false},"author":1,"featured_media":33440,"comment_status":"open","ping_status":"closed","sticky":false,"template":"","format":"standard","meta":{"footnotes":""},"categories":[1],"tags":[],"class_list":["post-33438","post","type-post","status-publish","format-standard","has-post-thumbnail","hentry","category-uncategorized"],"_links":{"self":[{"href":"https:\/\/solidaridadnews.com\/index.php?rest_route=\/wp\/v2\/posts\/33438","targetHints":{"allow":["GET"]}}],"collection":[{"href":"https:\/\/solidaridadnews.com\/index.php?rest_route=\/wp\/v2\/posts"}],"about":[{"href":"https:\/\/solidaridadnews.com\/index.php?rest_route=\/wp\/v2\/types\/post"}],"author":[{"embeddable":true,"href":"https:\/\/solidaridadnews.com\/index.php?rest_route=\/wp\/v2\/users\/1"}],"replies":[{"embeddable":true,"href":"https:\/\/solidaridadnews.com\/index.php?rest_route=%2Fwp%2Fv2%2Fcomments&post=33438"}],"version-history":[{"count":2,"href":"https:\/\/solidaridadnews.com\/index.php?rest_route=\/wp\/v2\/posts\/33438\/revisions"}],"predecessor-version":[{"id":33622,"href":"https:\/\/solidaridadnews.com\/index.php?rest_route=\/wp\/v2\/posts\/33438\/revisions\/33622"}],"wp:featuredmedia":[{"embeddable":true,"href":"https:\/\/solidaridadnews.com\/index.php?rest_route=\/wp\/v2\/media\/33440"}],"wp:attachment":[{"href":"https:\/\/solidaridadnews.com\/index.php?rest_route=%2Fwp%2Fv2%2Fmedia&parent=33438"}],"wp:term":[{"taxonomy":"category","embeddable":true,"href":"https:\/\/solidaridadnews.com\/index.php?rest_route=%2Fwp%2Fv2%2Fcategories&post=33438"},{"taxonomy":"post_tag","embeddable":true,"href":"https:\/\/solidaridadnews.com\/index.php?rest_route=%2Fwp%2Fv2%2Ftags&post=33438"}],"curies":[{"name":"wp","href":"https:\/\/api.w.org\/{rel}","templated":true}]}}