{"id":33374,"date":"2024-05-23T13:30:47","date_gmt":"2024-05-23T18:30:47","guid":{"rendered":"https:\/\/solidaridadnews.com\/?p=33374"},"modified":"2024-05-23T18:30:49","modified_gmt":"2024-05-23T18:30:49","slug":"clausuran-obra-cerca-de-campamento-tortuguero","status":"publish","type":"post","link":"https:\/\/solidaridadnews.com\/?p=33374","title":{"rendered":"Clausuran  obra cerca de campamento tortuguero"},"content":{"rendered":"<p>La Procuradur\u00eda Federal de Protecci\u00f3n al Ambiente (Profepa) impuso la clausura total temporal a las construcciones, obras y actividades en un predio que colinda con un campamento tortuguero en Playa Para\u00edso.<\/p>\n<p>En el sitio se observ\u00f3 un \u00e1rea de 980 m\u00b2 que fue rellenada con material p\u00e9treo (sascab), en la cual se levant\u00f3 una bodega con polines de madera tapizados con triplay que ocupa una superficie de 12 m\u00b2.<\/p>\n<p>Al momento de la inspecci\u00f3n no se advirti\u00f3 la presencia de nidos de tortuga en el campamento y se constat\u00f3 que el sitio no est\u00e1 cerca del \u00e1rea de anidaci\u00f3n de tortugas, pero se impuso la medida de seguridad por no contar con la autorizaci\u00f3n en materia de impacto ambiental emitida por la Semarnat.<\/p>\n","protected":false},"excerpt":{"rendered":"<p>La Procuradur\u00eda Federal de Protecci\u00f3n al Ambiente (Profepa) impuso la clausura total temporal a las construcciones, obras y actividades en un predio que colinda con un campamento tortuguero en Playa Para\u00edso. En el sitio se observ\u00f3 un \u00e1rea de 980 m\u00b2 que fue rellenada con material p\u00e9treo (sascab), en la cual se levant\u00f3 una bodega [&hellip;]<\/p>\n","protected":false},"author":1,"featured_media":33376,"comment_status":"open","ping_status":"closed","sticky":false,"template":"","format":"standard","meta":{"footnotes":""},"categories":[4],"tags":[],"class_list":["post-33374","post","type-post","status-publish","format-standard","has-post-thumbnail","hentry","category-local"],"_links":{"self":[{"href":"https:\/\/solidaridadnews.com\/index.php?rest_route=\/wp\/v2\/posts\/33374","targetHints":{"allow":["GET"]}}],"collection":[{"href":"https:\/\/solidaridadnews.com\/index.php?rest_route=\/wp\/v2\/posts"}],"about":[{"href":"https:\/\/solidaridadnews.com\/index.php?rest_route=\/wp\/v2\/types\/post"}],"author":[{"embeddable":true,"href":"https:\/\/solidaridadnews.com\/index.php?rest_route=\/wp\/v2\/users\/1"}],"replies":[{"embeddable":true,"href":"https:\/\/solidaridadnews.com\/index.php?rest_route=%2Fwp%2Fv2%2Fcomments&post=33374"}],"version-history":[{"count":1,"href":"https:\/\/solidaridadnews.com\/index.php?rest_route=\/wp\/v2\/posts\/33374\/revisions"}],"predecessor-version":[{"id":33375,"href":"https:\/\/solidaridadnews.com\/index.php?rest_route=\/wp\/v2\/posts\/33374\/revisions\/33375"}],"wp:featuredmedia":[{"embeddable":true,"href":"https:\/\/solidaridadnews.com\/index.php?rest_route=\/wp\/v2\/media\/33376"}],"wp:attachment":[{"href":"https:\/\/solidaridadnews.com\/index.php?rest_route=%2Fwp%2Fv2%2Fmedia&parent=33374"}],"wp:term":[{"taxonomy":"category","embeddable":true,"href":"https:\/\/solidaridadnews.com\/index.php?rest_route=%2Fwp%2Fv2%2Fcategories&post=33374"},{"taxonomy":"post_tag","embeddable":true,"href":"https:\/\/solidaridadnews.com\/index.php?rest_route=%2Fwp%2Fv2%2Ftags&post=33374"}],"curies":[{"name":"wp","href":"https:\/\/api.w.org\/{rel}","templated":true}]}}