{"id":33371,"date":"2024-05-23T13:28:01","date_gmt":"2024-05-23T18:28:01","guid":{"rendered":"https:\/\/solidaridadnews.com\/?p=33371"},"modified":"2024-05-23T18:28:02","modified_gmt":"2024-05-23T18:28:02","slug":"cij-no-ve-razones-para-medidas-cautelares-contra-ecuador-por-asalto-a-embajada-de-mexico","status":"publish","type":"post","link":"https:\/\/solidaridadnews.com\/?p=33371","title":{"rendered":"CIJ no ve razones para medidas cautelares contra Ecuador por asalto a Embajada de M\u00e9xico"},"content":{"rendered":"<p>La Corte Internacional de Justicia (CIJ) no consider\u00f3 la existencia de una \u201curgencia\u201d o un \u201criesgo real e inminente\u201d que requiera la emisi\u00f3n de las medidas cautelares solicitadas por M\u00e9xico contra Ecuador en respuesta al asalto de su embajada en Quito, aunque enfatiz\u00f3 \u201cla importancia fundamental\u201d de respetar la Convenci\u00f3n de Viena.<\/p>\n<p>El tribunal rechaz\u00f3 emitir medidas cautelares porque consider\u00f3 que \u201clas garant\u00edas dadas\u201d por Ecuador ya \u201cabarcan las preocupaciones expresadas por M\u00e9xico\u201d.<\/p>\n<p>La Corte advirti\u00f3 que \u201clas declaraciones unilaterales pueden dar lugar a obligaciones legales, y los Estados interesados pueden asumir las declaraciones unilaterales y confiar en ellas, y tienen derecho a exigir que la obligaci\u00f3n as\u00ed creada sea respetada\u201d.<\/p>\n<p>Durante las audiencias sobre las medidas cautelares, a principios de mes, Quito se adelant\u00f3 y anunci\u00f3 que ha dado ya \u201cgarant\u00edas\u201d por escrito a M\u00e9xico de que cumplir\u00e1 con su deber de respetar y proteger a su personal y sedes diplom\u00e1ticas, tal y como hab\u00eda solicitado el Gobierno mexicano a la CIJ, evitando as\u00ed verse objeto de \u00f3rdenes de los jueces de la ONU.<\/p>\n<p>Las garant\u00edas de Ecuador incluyen \u201ccompromisos de proporcionar plena protecci\u00f3n y seguridad a las instalaciones, propiedades y archivos de la misi\u00f3n diplom\u00e1tica de M\u00e9xico en Quito, as\u00ed como permitir el desalojo de dicha misi\u00f3n y de las residencias privadas de los agentes diplom\u00e1ticos mexicanos\u201d, se\u00f1al\u00f3 hoy el presidente de la CIJ, Nawaf Salam.<\/p>\n<p>Con base a esto, el m\u00e1ximo tribunal de la ONU decidi\u00f3 que \u201clas circunstancias tal y como son presentadas ante la Corte no son tales como para requerir el ejercicio de su poder\u201d de indicar medidas cautelares contra el Gobierno ecuatoriano tras asaltar la Embajada mexicana en Quito y detener a Jorge Glas, exvicepresidente de Rafael Correa (2007-2017), el pasado 5 de abril.<\/p>\n<p>\u201cActualmente no hay urgencia, en el sentido de que no existe un riesgo real e inminente de perjuicio irreparable a los derechos reclamados\u201d por M\u00e9xico, a\u00f1adi\u00f3 Salam, quien ley\u00f3 el fallo.<\/p>\n<p>No obstante, destac\u00f3 \u201cla importancia fundamental del principio consagrado\u201d en la Convenci\u00f3n de Viena sobre Relaciones Diplom\u00e1ticas, y record\u00f3 a Ecuador que se presume \u201csu buena fe en el cumplimiento\u201d de las garant\u00edas dadas a M\u00e9xico.<\/p>\n<p>\u201cEstas garant\u00edas son especialmente importantes durante el periodo necesario para que M\u00e9xico desaloje las instalaciones de su Embajada en Quito, as\u00ed como las residencias privadas de sus agentes diplom\u00e1ticos. La Corte considera que las garant\u00edas dadas por el Agente de Ecuador en nombre de su Gobierno, que se dieron p\u00fablicamente ante la Corte y se formularon de manera incondicional, son vinculantes y crean obligaciones legales para el demandado\u201d, a\u00f1adi\u00f3.<\/p>\n<p>Antes de concluir la sesi\u00f3n en la que anunci\u00f3 la decisi\u00f3n, Salam anot\u00f3 que \u201cno hay requisito m\u00e1s fundamental para la conducci\u00f3n de las relaciones entre los Estados que la inviolabilidad de las misiones diplom\u00e1ticas y embajadas\u201d y record\u00f3 que, a lo largo de la historia, \u201cnaciones de todos los credos y culturas han observado obligaciones rec\u00edprocas con ese prop\u00f3sito, en particular la instituci\u00f3n de la diplomacia con sus privilegios e inmunidades asociadas\u201d.<\/p>\n<p>El pasado abril M\u00e9xico acus\u00f3 a Ecuador ante la CIJ de violar sus obligaciones bajo el Pacto de Bogot\u00e1, la Convenci\u00f3n de Viena de Relaciones Diplom\u00e1ticas, la carta de la Organizaci\u00f3n de Estados Americanos, y la Carta de Naciones Unidas.<\/p>\n<p>Las medidas cautelares se dictan, en caso de necesidad, en una fase provisional, antes de entrar a valorar el fondo del caso, por lo que esta decisi\u00f3n no es una sentencia sobre la admisibilidad del caso, o sobre la existencia o no de las violaciones alegadas por M\u00e9xico contra Ecuador, cuestiones que se tratar\u00e1n m\u00e1s adelante, a\u00fan sin fecha.<\/p>\n","protected":false},"excerpt":{"rendered":"<p>La Corte Internacional de Justicia (CIJ) no consider\u00f3 la existencia de una \u201curgencia\u201d o un \u201criesgo real e inminente\u201d que requiera la emisi\u00f3n de las medidas cautelares solicitadas por M\u00e9xico contra Ecuador en respuesta al asalto de su embajada en Quito, aunque enfatiz\u00f3 \u201cla importancia fundamental\u201d de respetar la Convenci\u00f3n de Viena. El tribunal rechaz\u00f3 [&hellip;]<\/p>\n","protected":false},"author":1,"featured_media":33373,"comment_status":"open","ping_status":"closed","sticky":false,"template":"","format":"standard","meta":{"footnotes":""},"categories":[4],"tags":[],"class_list":["post-33371","post","type-post","status-publish","format-standard","has-post-thumbnail","hentry","category-local"],"_links":{"self":[{"href":"https:\/\/solidaridadnews.com\/index.php?rest_route=\/wp\/v2\/posts\/33371","targetHints":{"allow":["GET"]}}],"collection":[{"href":"https:\/\/solidaridadnews.com\/index.php?rest_route=\/wp\/v2\/posts"}],"about":[{"href":"https:\/\/solidaridadnews.com\/index.php?rest_route=\/wp\/v2\/types\/post"}],"author":[{"embeddable":true,"href":"https:\/\/solidaridadnews.com\/index.php?rest_route=\/wp\/v2\/users\/1"}],"replies":[{"embeddable":true,"href":"https:\/\/solidaridadnews.com\/index.php?rest_route=%2Fwp%2Fv2%2Fcomments&post=33371"}],"version-history":[{"count":1,"href":"https:\/\/solidaridadnews.com\/index.php?rest_route=\/wp\/v2\/posts\/33371\/revisions"}],"predecessor-version":[{"id":33372,"href":"https:\/\/solidaridadnews.com\/index.php?rest_route=\/wp\/v2\/posts\/33371\/revisions\/33372"}],"wp:featuredmedia":[{"embeddable":true,"href":"https:\/\/solidaridadnews.com\/index.php?rest_route=\/wp\/v2\/media\/33373"}],"wp:attachment":[{"href":"https:\/\/solidaridadnews.com\/index.php?rest_route=%2Fwp%2Fv2%2Fmedia&parent=33371"}],"wp:term":[{"taxonomy":"category","embeddable":true,"href":"https:\/\/solidaridadnews.com\/index.php?rest_route=%2Fwp%2Fv2%2Fcategories&post=33371"},{"taxonomy":"post_tag","embeddable":true,"href":"https:\/\/solidaridadnews.com\/index.php?rest_route=%2Fwp%2Fv2%2Ftags&post=33371"}],"curies":[{"name":"wp","href":"https:\/\/api.w.org\/{rel}","templated":true}]}}