{"id":33365,"date":"2024-05-23T13:23:31","date_gmt":"2024-05-23T18:23:31","guid":{"rendered":"https:\/\/solidaridadnews.com\/?p=33365"},"modified":"2024-05-23T18:23:33","modified_gmt":"2024-05-23T18:23:33","slug":"monica-bellucci-y-willem-dafoe-en-bleetlejuice-2","status":"publish","type":"post","link":"https:\/\/solidaridadnews.com\/?p=33365","title":{"rendered":"M\u00f3nica Bellucci y Willem Dafoe en \u2018Bleetlejuice 2\u2019"},"content":{"rendered":"<p>El segundo tr\u00e1iler de la pel\u00edcula \u2018Beetlejuice, Beetlejuice\u2019, tambi\u00e9n conocida como \u2018Beetlejuice 2\u2019, seguramente enloqueci\u00f3 a los fan\u00e1ticos. Sin embargo, no fue la \u00fanica revelaci\u00f3n, ya que tambi\u00e9n se mostr\u00f3 c\u00f3mo lucir\u00e1n los actores Monica Bellucci y Willem Dafoe, en la cinta.<\/p>\n<p>En redes sociales de la pel\u00edcula \u2018Beetlejuice 2\u2019 fueron publicados los posters de los personajes principales y secundarios de la nueva cinta de Tim Burton. Entre estos aparecieron las primeras im\u00e1genes de Monica Bellucci y Willem Dafoe; as\u00ed lucen.<\/p>\n<p>Monica Bellucci y Willem Dafoe con aspecto espectral<br \/>\nEn los posters de \u2018Beetlejuice 2\u2019, se vio la caracterizaci\u00f3n de Michael Keaton, Winona Ryder, Jenna Ortega y Catherine O\u2019Hara, como actores principales de la esperada secuela del director Tim Burton.<\/p>\n<p>No obstante, lo que sorprendi\u00f3 fue la nueva apariencia que tendr\u00e1n Monica Bellucci y Willem Dafoe como actores de reparto de \u2018Beetlejuice, Beetlejuice\u2019, luciendo un aterrador maquillaje perfecto para replicar en Halloween.<\/p>\n<p>En el caso de Monica Bellucci, quien supuestamente interpretar\u00e1 a la esposa de Beetlejuice, muestra una piel p\u00e1lida y de color azulado, mientras que en su rostro y cuello cruza una enorme cicatriz. Por otra parte, sus ojos parecen tener manchas de rimel, como si hubiera llorado.<\/p>\n<p>Mientras tanto, Willen Daofoe, tiene una apariencia casi como un hombre normal, con lentes oscuros y traje azul, con excepci\u00f3n de la cabeza. Esto debido a que parte de su cr\u00e1neo est\u00e1 completamente expuesto; incluso se logran ver los m\u00fasculos faciales y el cerebro.<\/p>\n<p>Justin Theroux y regreso de Shrinker en \u2018Beetlejuice, Beetlejuice\u2019<br \/>\nCabe destacar que, adem\u00e1s de Monica Bellucci y Willem Dafoe, tambi\u00e9n fueron revelados otros personajes como el de Rory, interpretado por Justin Theroux, y el regreso de Shrinker, el ente paranormal con la cabeza peque\u00f1a que apareci\u00f3 en la primer cinta de \u2018Beetlejuice\u2019. Checa el segundo tr\u00e1iler de la secuela aqu\u00ed.<\/p>\n<p>&nbsp;<\/p>\n","protected":false},"excerpt":{"rendered":"<p>El segundo tr\u00e1iler de la pel\u00edcula \u2018Beetlejuice, Beetlejuice\u2019, tambi\u00e9n conocida como \u2018Beetlejuice 2\u2019, seguramente enloqueci\u00f3 a los fan\u00e1ticos. Sin embargo, no fue la \u00fanica revelaci\u00f3n, ya que tambi\u00e9n se mostr\u00f3 c\u00f3mo lucir\u00e1n los actores Monica Bellucci y Willem Dafoe, en la cinta. En redes sociales de la pel\u00edcula \u2018Beetlejuice 2\u2019 fueron publicados los posters de [&hellip;]<\/p>\n","protected":false},"author":1,"featured_media":33367,"comment_status":"open","ping_status":"closed","sticky":false,"template":"","format":"standard","meta":{"footnotes":""},"categories":[3],"tags":[],"class_list":["post-33365","post","type-post","status-publish","format-standard","has-post-thumbnail","hentry","category-espectaculos"],"_links":{"self":[{"href":"https:\/\/solidaridadnews.com\/index.php?rest_route=\/wp\/v2\/posts\/33365","targetHints":{"allow":["GET"]}}],"collection":[{"href":"https:\/\/solidaridadnews.com\/index.php?rest_route=\/wp\/v2\/posts"}],"about":[{"href":"https:\/\/solidaridadnews.com\/index.php?rest_route=\/wp\/v2\/types\/post"}],"author":[{"embeddable":true,"href":"https:\/\/solidaridadnews.com\/index.php?rest_route=\/wp\/v2\/users\/1"}],"replies":[{"embeddable":true,"href":"https:\/\/solidaridadnews.com\/index.php?rest_route=%2Fwp%2Fv2%2Fcomments&post=33365"}],"version-history":[{"count":1,"href":"https:\/\/solidaridadnews.com\/index.php?rest_route=\/wp\/v2\/posts\/33365\/revisions"}],"predecessor-version":[{"id":33366,"href":"https:\/\/solidaridadnews.com\/index.php?rest_route=\/wp\/v2\/posts\/33365\/revisions\/33366"}],"wp:featuredmedia":[{"embeddable":true,"href":"https:\/\/solidaridadnews.com\/index.php?rest_route=\/wp\/v2\/media\/33367"}],"wp:attachment":[{"href":"https:\/\/solidaridadnews.com\/index.php?rest_route=%2Fwp%2Fv2%2Fmedia&parent=33365"}],"wp:term":[{"taxonomy":"category","embeddable":true,"href":"https:\/\/solidaridadnews.com\/index.php?rest_route=%2Fwp%2Fv2%2Fcategories&post=33365"},{"taxonomy":"post_tag","embeddable":true,"href":"https:\/\/solidaridadnews.com\/index.php?rest_route=%2Fwp%2Fv2%2Ftags&post=33365"}],"curies":[{"name":"wp","href":"https:\/\/api.w.org\/{rel}","templated":true}]}}