{"id":33362,"date":"2024-05-23T13:17:41","date_gmt":"2024-05-23T18:17:41","guid":{"rendered":"https:\/\/solidaridadnews.com\/?p=33362"},"modified":"2024-05-23T18:17:42","modified_gmt":"2024-05-23T18:17:42","slug":"alejandro-vela-pide-a-cruz-azul-olvidarse-de-la-final-de-2013-y-enfocarse-en-el-presente","status":"publish","type":"post","link":"https:\/\/solidaridadnews.com\/?p=33362","title":{"rendered":"Alejandro Vela pide a Cruz Azul olvidarse de la Final de 2013 y enfocarse en el presente"},"content":{"rendered":"<p>Alejandro Vela, exjugador de Cruz Azul, ha pedido al presente equipo enfocarse en el ahora y no recordar la derrota ante Am\u00e9rica en la Final del Clausura 2013. Vela, quien fue parte de aquel equipo que perdi\u00f3 en el Estadio Azteca aquel 26 de mayo, sugiere que los celestes deben escribir una nueva historia para alcanzar su d\u00e9cima Liga.<\/p>\n<p>Vela a\u00fan recuerda la noche del 26 de mayo de 2013, cuando Am\u00e9rica remont\u00f3 y se llev\u00f3 el t\u00edtulo. En este Clausura 2024, ve a un equipo diferente y capaz de ganar el campeonato. \u00abYo creo que est\u00e1n escribiendo una historia nueva, ya hay un campeonato en ese inter para Cruz Azul (en 2021), entonces deben pensar en el tiempo presente\u00bb, coment\u00f3 Vela en una entrevista con Mediotiempo.<\/p>\n<p>\u00abSinceramente lo peor lo sent\u00ed antes, cuando entramos a los tiempos extra.moralmente lo derrumb\u00f3.Todav\u00eda recuerdo que empieza a llover, se volvi\u00f3 un ambiente de locos\u00bb, dijo.<\/p>\n<p>A\u00f1adi\u00f3 que fue un momento muy doloroso para el equipo y para jugadores clave como Torrado y Capi Castro.<\/p>\n<p>En cuanto a la Final del Clausura 2024, Vela considera que Cruz Azul llega en mejor forma aunque tuvo un proceso de Liguilla complicado. Sin embargo, destac\u00f3 la calidad del plantel de Am\u00e9rica y mencion\u00f3 que podr\u00eda ser un factor a favor de Cruz Azul debido al desgaste de Am\u00e9rica.<\/p>\n<p>\u00abSi termina en un campeonato, el 33 se va a volver parte de la leyenda de este trofeo.Ojal\u00e1 el 33 termine con la d\u00e9cima y quede grabado en la historia del Cruz Azul\u00bb, concluy\u00f3 Vela, instando a los jugadores a aprovechar todo lo positivo y dejar de lado lo negativo.<\/p>\n","protected":false},"excerpt":{"rendered":"<p>Alejandro Vela, exjugador de Cruz Azul, ha pedido al presente equipo enfocarse en el ahora y no recordar la derrota ante Am\u00e9rica en la Final del Clausura 2013. Vela, quien fue parte de aquel equipo que perdi\u00f3 en el Estadio Azteca aquel 26 de mayo, sugiere que los celestes deben escribir una nueva historia para [&hellip;]<\/p>\n","protected":false},"author":1,"featured_media":33364,"comment_status":"open","ping_status":"closed","sticky":false,"template":"","format":"standard","meta":{"footnotes":""},"categories":[6],"tags":[],"class_list":["post-33362","post","type-post","status-publish","format-standard","has-post-thumbnail","hentry","category-deportes"],"_links":{"self":[{"href":"https:\/\/solidaridadnews.com\/index.php?rest_route=\/wp\/v2\/posts\/33362","targetHints":{"allow":["GET"]}}],"collection":[{"href":"https:\/\/solidaridadnews.com\/index.php?rest_route=\/wp\/v2\/posts"}],"about":[{"href":"https:\/\/solidaridadnews.com\/index.php?rest_route=\/wp\/v2\/types\/post"}],"author":[{"embeddable":true,"href":"https:\/\/solidaridadnews.com\/index.php?rest_route=\/wp\/v2\/users\/1"}],"replies":[{"embeddable":true,"href":"https:\/\/solidaridadnews.com\/index.php?rest_route=%2Fwp%2Fv2%2Fcomments&post=33362"}],"version-history":[{"count":1,"href":"https:\/\/solidaridadnews.com\/index.php?rest_route=\/wp\/v2\/posts\/33362\/revisions"}],"predecessor-version":[{"id":33363,"href":"https:\/\/solidaridadnews.com\/index.php?rest_route=\/wp\/v2\/posts\/33362\/revisions\/33363"}],"wp:featuredmedia":[{"embeddable":true,"href":"https:\/\/solidaridadnews.com\/index.php?rest_route=\/wp\/v2\/media\/33364"}],"wp:attachment":[{"href":"https:\/\/solidaridadnews.com\/index.php?rest_route=%2Fwp%2Fv2%2Fmedia&parent=33362"}],"wp:term":[{"taxonomy":"category","embeddable":true,"href":"https:\/\/solidaridadnews.com\/index.php?rest_route=%2Fwp%2Fv2%2Fcategories&post=33362"},{"taxonomy":"post_tag","embeddable":true,"href":"https:\/\/solidaridadnews.com\/index.php?rest_route=%2Fwp%2Fv2%2Ftags&post=33362"}],"curies":[{"name":"wp","href":"https:\/\/api.w.org\/{rel}","templated":true}]}}