{"id":33356,"date":"2024-05-22T09:29:50","date_gmt":"2024-05-22T14:29:50","guid":{"rendered":"https:\/\/solidaridadnews.com\/?p=33356"},"modified":"2024-05-22T14:29:51","modified_gmt":"2024-05-22T14:29:51","slug":"periodista-que-encaro-ataque-a-canal-de-television-de-ecuador-decide-exiliarse-por-temor","status":"publish","type":"post","link":"https:\/\/solidaridadnews.com\/?p=33356","title":{"rendered":"Periodista que encar\u00f3 ataque a canal de televisi\u00f3n de Ecuador decide exiliarse por temor"},"content":{"rendered":"<p>El periodista ecuatoriano Jos\u00e9 Luis Calder\u00f3n, que fue el rostro visible del asalto de un grupo de hombres armados al canal TC Televisi\u00f3n de Guayaquil, durante una emisi\u00f3n en directo en enero pasado, decidi\u00f3 exiliarse por temor a la violencia en el pa\u00eds y la falta de garant\u00edas para ejercer la profesi\u00f3n.<\/p>\n<p>As\u00ed lo revel\u00f3 la Fundaci\u00f3n Andina para la Observaci\u00f3n y Estudio de Medios (Fundamedios), que tambi\u00e9n forma parte de la llamada Mesa de Articulaci\u00f3n para la Protecci\u00f3n de Periodistas (MAPP), una instancia de la sociedad civil enfocada en acciones ante amenazas contra la libertad de prensa.<\/p>\n<p>Calder\u00f3n, que sufre de estr\u00e9s postraum\u00e1tico, indic\u00f3 que su decisi\u00f3n de abandonar el pa\u00eds se debe a los problemas de salud mental provocados por el ataque del grupo armado al canal de televisi\u00f3n, que se sald\u00f3 sin v\u00edctimas mortales y con trece detenidos.<\/p>\n<p>El pasado 9 de enero, varios sujetos irrumpieron de forma violenta en el set principal de TC Televisi\u00f3n cuando se emit\u00eda un programa en vivo; lo hicieron encapuchados, con armas y explosivos.<\/p>\n<p>Los violentos golpearon a varios empleados del canal de televisi\u00f3n e hirieron a uno de ellos, mientras a Calder\u00f3n, cuando intentaba mediar, le colocaron explosivos en su ropa, seg\u00fan record\u00f3 Fundamedios.<\/p>\n<p>Tras el suceso, el periodista se retir\u00f3 de las actividades laborales habituales, por el temor e inseguridad para ejercer su profesi\u00f3n, por lo que busc\u00f3 mediar con la empresa de comunicaci\u00f3n que, m\u00e1s bien, lo despidi\u00f3 por \u201causencias injustificadas\u201d, a\u00f1adi\u00f3 la fuente.<\/p>\n<p>Adem\u00e1s, remarc\u00f3 que el periodista ya hab\u00eda sufrido meses atr\u00e1s asaltos de delincuentes mientras efectuaba coberturas informativas en la calle, ante lo cual revel\u00f3 que no sinti\u00f3 el respaldo del canal para ejercer su oficio considerado por varios analistas de \u201calto riesgo\u201d en un pa\u00eds como Ecuador, azotado por la violencia criminal.<\/p>\n<p>La MAPP se solidariz\u00f3 con el periodista ante los constantes ataques a los que ha estado expuesto en sus 23 a\u00f1os de ejercicio profesional, agreg\u00f3 Fundamedios.<\/p>\n<p>Tambi\u00e9n, hizo un llamamiento \u201ca las autoridades a garantizar un ambiente seguro para el periodismo ecuatoriano\u201d.<\/p>\n<p>El 8 de enero pasado, el presidente del pa\u00eds, el empresario Daniel Noboa, que no llevaba dos meses en el poder, decret\u00f3 un estado de excepci\u00f3n a escala nacional ante el auge de la violencia en las c\u00e1rceles del pa\u00eds, que entonces estaban internamente dominadas por grupos de delincuencia organizada que se disputaban el control interno de estos recintos.<\/p>\n<p>Al d\u00eda siguiente, se dio el asalto a TC Televisi\u00f3n, y Noboa declar\u00f3 entonces una situaci\u00f3n de \u201cconflicto armado interno\u201d e identific\u00f3 con la extrema violencia desatada en c\u00e1rceles y calles del pa\u00eds a 22 bandas criminales, a las que pas\u00f3 a llamar \u201cterroristas\u201d.<\/p>\n<p>Esa decisi\u00f3n abri\u00f3 la puerta legal para que las Fuerzas Armadas intervinieran y tomaran las riendas de la seguridad interna del pa\u00eds con el apoyo de la Polic\u00eda.<\/p>\n<p>Pese a que el estado de excepci\u00f3n concluy\u00f3 el 7 de abril pasado, el Gobierno declar\u00f3 la persistencia del \u201cconflicto armado interno\u201d para mantener la participaci\u00f3n de los militares en la seguridad interna.<\/p>\n<p>Y pese a que las autoridades han asegurado que se ha reducido la violencia en el pa\u00eds, a diario se registran se siguen registrando asesinatos, extorsiones, secuestros, robos, asaltos y otro tipo de delitos que mantiene la percepci\u00f3n de alta inseguridad entre la poblaci\u00f3n.<\/p>\n","protected":false},"excerpt":{"rendered":"<p>El periodista ecuatoriano Jos\u00e9 Luis Calder\u00f3n, que fue el rostro visible del asalto de un grupo de hombres armados al canal TC Televisi\u00f3n de Guayaquil, durante una emisi\u00f3n en directo en enero pasado, decidi\u00f3 exiliarse por temor a la violencia en el pa\u00eds y la falta de garant\u00edas para ejercer la profesi\u00f3n. As\u00ed lo revel\u00f3 [&hellip;]<\/p>\n","protected":false},"author":1,"featured_media":33358,"comment_status":"open","ping_status":"closed","sticky":false,"template":"","format":"standard","meta":{"footnotes":""},"categories":[9],"tags":[],"class_list":["post-33356","post","type-post","status-publish","format-standard","has-post-thumbnail","hentry","category-internacional"],"_links":{"self":[{"href":"https:\/\/solidaridadnews.com\/index.php?rest_route=\/wp\/v2\/posts\/33356","targetHints":{"allow":["GET"]}}],"collection":[{"href":"https:\/\/solidaridadnews.com\/index.php?rest_route=\/wp\/v2\/posts"}],"about":[{"href":"https:\/\/solidaridadnews.com\/index.php?rest_route=\/wp\/v2\/types\/post"}],"author":[{"embeddable":true,"href":"https:\/\/solidaridadnews.com\/index.php?rest_route=\/wp\/v2\/users\/1"}],"replies":[{"embeddable":true,"href":"https:\/\/solidaridadnews.com\/index.php?rest_route=%2Fwp%2Fv2%2Fcomments&post=33356"}],"version-history":[{"count":1,"href":"https:\/\/solidaridadnews.com\/index.php?rest_route=\/wp\/v2\/posts\/33356\/revisions"}],"predecessor-version":[{"id":33357,"href":"https:\/\/solidaridadnews.com\/index.php?rest_route=\/wp\/v2\/posts\/33356\/revisions\/33357"}],"wp:featuredmedia":[{"embeddable":true,"href":"https:\/\/solidaridadnews.com\/index.php?rest_route=\/wp\/v2\/media\/33358"}],"wp:attachment":[{"href":"https:\/\/solidaridadnews.com\/index.php?rest_route=%2Fwp%2Fv2%2Fmedia&parent=33356"}],"wp:term":[{"taxonomy":"category","embeddable":true,"href":"https:\/\/solidaridadnews.com\/index.php?rest_route=%2Fwp%2Fv2%2Fcategories&post=33356"},{"taxonomy":"post_tag","embeddable":true,"href":"https:\/\/solidaridadnews.com\/index.php?rest_route=%2Fwp%2Fv2%2Ftags&post=33356"}],"curies":[{"name":"wp","href":"https:\/\/api.w.org\/{rel}","templated":true}]}}