{"id":33329,"date":"2024-05-21T12:49:35","date_gmt":"2024-05-21T17:49:35","guid":{"rendered":"https:\/\/solidaridadnews.com\/?p=33329"},"modified":"2024-05-21T17:49:36","modified_gmt":"2024-05-21T17:49:36","slug":"emmanuel-macron-quiere-convencer-a-florentino-perez-de-liberar-a-mbappe-para-jj-oo","status":"publish","type":"post","link":"https:\/\/solidaridadnews.com\/?p=33329","title":{"rendered":"Emmanuel Macron quiere convencer a Florentino P\u00e9rez de liberar a Mbapp\u00e9 para JJ. OO."},"content":{"rendered":"<p>Este martes se llev\u00f3 a cabo un almuerzo en el El\u00edseo, Francia, donde las personalidades m\u00e1s importantes del futbol internacional se reunieron para discutir temas de relevancia para el balompi\u00e9 europeo y mundial y por el aniversario 120 de la FIFA, esto a d\u00edas de que comiencen las competiciones veraniegas de futbol.<\/p>\n<p>En un almuerzo que reuni\u00f3 a representantes de los pa\u00edses que firmaron el acto de creaci\u00f3n de la Federaci\u00f3n Internacional de Futbol Asociaci\u00f3n en 1904 (Francia, B\u00e9lgica, Pa\u00edses Bajos, Dinamarca, Suecia, Suiza y Espa\u00f1a) Emmanuel Macron, Presidente de Francia, aprovech\u00f3 la ocasi\u00f3n para poder hablar con Florentino P\u00e9rez y poder conseguir la liberaci\u00f3n de Kylian Mbapp\u00e9 para los Ol\u00edmpicos de Par\u00eds en este verano.<\/p>\n<p>De acuerdo a informaci\u00f3n del diario franc\u00e9s, L&#8217;Equipe, el presidente galo habl\u00f3 con Thierry Henry para asegurar que har\u00eda todo lo posible para que Francia tuviera un equipo competitivo, por lo que este martes, tambi\u00e9n de acuerdo al diario oficialista franc\u00e9s, Macron se acerc\u00f3 a Florentino para pedir que Mbapp\u00e9, Camavinga, Tchoaumen\u00ed y Ferland Mendy pudieran formar parte del equipo que buscar\u00e1 la medalla de oro den el futbol Ol\u00edmpico.<\/p>\n<p>Esto se debe a que el Presidente de la entidad merengue envi\u00f3 una carta a la Federaci\u00f3n Francesa de Futbol explicando que no ceder\u00eda a jugadores de su plantilla para los Juegos Ol\u00edmpicos, esto debido a que no se considera una fecha oficial y los clubes no est\u00e1n en obligaci\u00f3n de ceder a sus futbolistas.<\/p>\n<p>El arranque de los Juegos ser\u00e1 el pr\u00f3ximo 26 de julio, mientras que las ligas en Europa comenzar\u00e1n el mes de agosto.<\/p>\n","protected":false},"excerpt":{"rendered":"<p>Este martes se llev\u00f3 a cabo un almuerzo en el El\u00edseo, Francia, donde las personalidades m\u00e1s importantes del futbol internacional se reunieron para discutir temas de relevancia para el balompi\u00e9 europeo y mundial y por el aniversario 120 de la FIFA, esto a d\u00edas de que comiencen las competiciones veraniegas de futbol. En un almuerzo [&hellip;]<\/p>\n","protected":false},"author":1,"featured_media":33331,"comment_status":"open","ping_status":"closed","sticky":false,"template":"","format":"standard","meta":{"footnotes":""},"categories":[6],"tags":[],"class_list":["post-33329","post","type-post","status-publish","format-standard","has-post-thumbnail","hentry","category-deportes"],"_links":{"self":[{"href":"https:\/\/solidaridadnews.com\/index.php?rest_route=\/wp\/v2\/posts\/33329","targetHints":{"allow":["GET"]}}],"collection":[{"href":"https:\/\/solidaridadnews.com\/index.php?rest_route=\/wp\/v2\/posts"}],"about":[{"href":"https:\/\/solidaridadnews.com\/index.php?rest_route=\/wp\/v2\/types\/post"}],"author":[{"embeddable":true,"href":"https:\/\/solidaridadnews.com\/index.php?rest_route=\/wp\/v2\/users\/1"}],"replies":[{"embeddable":true,"href":"https:\/\/solidaridadnews.com\/index.php?rest_route=%2Fwp%2Fv2%2Fcomments&post=33329"}],"version-history":[{"count":1,"href":"https:\/\/solidaridadnews.com\/index.php?rest_route=\/wp\/v2\/posts\/33329\/revisions"}],"predecessor-version":[{"id":33330,"href":"https:\/\/solidaridadnews.com\/index.php?rest_route=\/wp\/v2\/posts\/33329\/revisions\/33330"}],"wp:featuredmedia":[{"embeddable":true,"href":"https:\/\/solidaridadnews.com\/index.php?rest_route=\/wp\/v2\/media\/33331"}],"wp:attachment":[{"href":"https:\/\/solidaridadnews.com\/index.php?rest_route=%2Fwp%2Fv2%2Fmedia&parent=33329"}],"wp:term":[{"taxonomy":"category","embeddable":true,"href":"https:\/\/solidaridadnews.com\/index.php?rest_route=%2Fwp%2Fv2%2Fcategories&post=33329"},{"taxonomy":"post_tag","embeddable":true,"href":"https:\/\/solidaridadnews.com\/index.php?rest_route=%2Fwp%2Fv2%2Ftags&post=33329"}],"curies":[{"name":"wp","href":"https:\/\/api.w.org\/{rel}","templated":true}]}}