{"id":33320,"date":"2024-05-17T10:28:48","date_gmt":"2024-05-17T15:28:48","guid":{"rendered":"https:\/\/solidaridadnews.com\/?p=33320"},"modified":"2024-05-17T15:28:50","modified_gmt":"2024-05-17T15:28:50","slug":"alarmas-en-america-igor-lichnovsky-en-duda-para-la-semifinal-de-vuelta-ante-chivas","status":"publish","type":"post","link":"https:\/\/solidaridadnews.com\/?p=33320","title":{"rendered":"\u00a1Alarmas en Am\u00e9rica! Igor Lichnovsky, en duda para la Semifinal de Vuelta ante Chivas"},"content":{"rendered":"<p>A un d\u00eda de la Semifinal de Vuelta ante Chivas, Igor Lichnovsky, defensa del Am\u00e9rica, est\u00e1 en duda para poder disputar el juego en el Estadio Azteca. Y es que en el duelo de Ida, el zaguero chileno sali\u00f3 con molestias tras una mala ca\u00edda en un bal\u00f3n a\u00e9reo en la cancha del Estadio Akron.<\/p>\n<p>De acuerdo con Julio Iba\u00f1ez, reportero de TUDN, Igor fue sometido a ex\u00e1menes m\u00e9dicos en la rodilla derecha para determinar la gravedad de su lesi\u00f3n. Sin embargo, a\u00fan no se determina si Lichnovsky podr\u00e1 o no inciar el crucial duelo de las \u00c1guilas por un boleto a la Gran Final del Clausura 2024.<\/p>\n<p>Cabe recordar que Sebasti\u00e1n C\u00e1ceres, uno de lso centrales titulares del esquema de Andr\u00e9 Jardine, tambi\u00e9n est\u00e1 lesionado, por lo que en caso de que Igor no pueda estar en la Vuelta, el estratega brasile\u00f1o tendr\u00e1 que hacer m\u00faltiples ajustes para conformar su once inicial.<\/p>\n<p>Y es que al Lichnovsky ha sido una pieza clave para que Am\u00e9rica solo haya recibido 12 goles en 17 juegos de temporada regular. En el Clausura 2024, el chileno fue el segundo extranjero de las \u00c1guilas con m\u00e1s minutos en la cancha con 970, solamente superado por \u00c1lvaro Fidalgo con 1,174.<\/p>\n<p>&nbsp;<\/p>\n<p>Ante esto, Jardine tendr\u00eda una baja sensible para el duelo de Vuelta, ya que sus opciones para reemplazar a Igor ser\u00edan N\u00e9stor Araujo o regresar a Israel Reyes a la central. Sin embargo, para la lateral derecha se tendr\u00eda que habilitar o a Emilio Lara o Salvador Reyes.<\/p>\n<p>&nbsp;<\/p>\n<p>Con estas dudas, Am\u00e9rica buscar\u00e1 avanzar a la Gran Final del Clausura 2024 y defender su t\u00edtulo conseguido el a\u00f1o pasado. Cabe resaltar que al incluir el duelo de Ida ante Chivas, los de Coapa ya suman tres partidos sin ganar en lo que va de esta Liguilla.<\/p>\n","protected":false},"excerpt":{"rendered":"<p>A un d\u00eda de la Semifinal de Vuelta ante Chivas, Igor Lichnovsky, defensa del Am\u00e9rica, est\u00e1 en duda para poder disputar el juego en el Estadio Azteca. Y es que en el duelo de Ida, el zaguero chileno sali\u00f3 con molestias tras una mala ca\u00edda en un bal\u00f3n a\u00e9reo en la cancha del Estadio Akron. [&hellip;]<\/p>\n","protected":false},"author":1,"featured_media":33322,"comment_status":"open","ping_status":"closed","sticky":false,"template":"","format":"standard","meta":{"footnotes":""},"categories":[6],"tags":[],"class_list":["post-33320","post","type-post","status-publish","format-standard","has-post-thumbnail","hentry","category-deportes"],"_links":{"self":[{"href":"https:\/\/solidaridadnews.com\/index.php?rest_route=\/wp\/v2\/posts\/33320","targetHints":{"allow":["GET"]}}],"collection":[{"href":"https:\/\/solidaridadnews.com\/index.php?rest_route=\/wp\/v2\/posts"}],"about":[{"href":"https:\/\/solidaridadnews.com\/index.php?rest_route=\/wp\/v2\/types\/post"}],"author":[{"embeddable":true,"href":"https:\/\/solidaridadnews.com\/index.php?rest_route=\/wp\/v2\/users\/1"}],"replies":[{"embeddable":true,"href":"https:\/\/solidaridadnews.com\/index.php?rest_route=%2Fwp%2Fv2%2Fcomments&post=33320"}],"version-history":[{"count":1,"href":"https:\/\/solidaridadnews.com\/index.php?rest_route=\/wp\/v2\/posts\/33320\/revisions"}],"predecessor-version":[{"id":33321,"href":"https:\/\/solidaridadnews.com\/index.php?rest_route=\/wp\/v2\/posts\/33320\/revisions\/33321"}],"wp:featuredmedia":[{"embeddable":true,"href":"https:\/\/solidaridadnews.com\/index.php?rest_route=\/wp\/v2\/media\/33322"}],"wp:attachment":[{"href":"https:\/\/solidaridadnews.com\/index.php?rest_route=%2Fwp%2Fv2%2Fmedia&parent=33320"}],"wp:term":[{"taxonomy":"category","embeddable":true,"href":"https:\/\/solidaridadnews.com\/index.php?rest_route=%2Fwp%2Fv2%2Fcategories&post=33320"},{"taxonomy":"post_tag","embeddable":true,"href":"https:\/\/solidaridadnews.com\/index.php?rest_route=%2Fwp%2Fv2%2Ftags&post=33320"}],"curies":[{"name":"wp","href":"https:\/\/api.w.org\/{rel}","templated":true}]}}