{"id":33311,"date":"2024-05-16T11:44:59","date_gmt":"2024-05-16T16:44:59","guid":{"rendered":"https:\/\/solidaridadnews.com\/?p=33311"},"modified":"2024-05-16T16:45:00","modified_gmt":"2024-05-16T16:45:00","slug":"aprende-primeros-auxilios-en-solidaridad-te-decimos-como","status":"publish","type":"post","link":"https:\/\/solidaridadnews.com\/?p=33311","title":{"rendered":"Aprende primeros auxilios en Solidaridad; te decimos c\u00f3mo"},"content":{"rendered":"<p>La Secretar\u00eda de Protecci\u00f3n Civil, Prevenci\u00f3n de Riesgos y Bomberos de Solidaridad invita a la ciudadan\u00eda a asistir a los cursos de primeros auxilios, uso y manejo de extintores que contin\u00faan vigentes.<\/p>\n<p>Esto es con el objetivo de estar prevenidos y capacitados ante cualquier emergencia.<\/p>\n<p>Este curso se imparte en Villas del Sol en la estaci\u00f3n de bomberos, ubicada en Av. CTM los d\u00edas 15, 17, 23, 24, 29, y 31, en un horario de 10 a 14 horas.<\/p>\n<p>Aquellas personas que est\u00e9n interesadas deber\u00e1n inscribirse en las oficinas de Protecci\u00f3n Civil ubicadas en Av. Tecnol\u00f3gico s\/n, esquina con calle Caoba, del fraccionamiento Villamar 2.<\/p>\n<p>Al finalizar el curso, a los asistentes se les entregar\u00e1 una constancia para los tr\u00e1mites que realicen en Protecci\u00f3n Civil.<\/p>\n","protected":false},"excerpt":{"rendered":"<p>La Secretar\u00eda de Protecci\u00f3n Civil, Prevenci\u00f3n de Riesgos y Bomberos de Solidaridad invita a la ciudadan\u00eda a asistir a los cursos de primeros auxilios, uso y manejo de extintores que contin\u00faan vigentes. Esto es con el objetivo de estar prevenidos y capacitados ante cualquier emergencia. Este curso se imparte en Villas del Sol en la [&hellip;]<\/p>\n","protected":false},"author":1,"featured_media":33313,"comment_status":"open","ping_status":"closed","sticky":false,"template":"","format":"standard","meta":{"footnotes":""},"categories":[4],"tags":[],"class_list":["post-33311","post","type-post","status-publish","format-standard","has-post-thumbnail","hentry","category-local"],"_links":{"self":[{"href":"https:\/\/solidaridadnews.com\/index.php?rest_route=\/wp\/v2\/posts\/33311","targetHints":{"allow":["GET"]}}],"collection":[{"href":"https:\/\/solidaridadnews.com\/index.php?rest_route=\/wp\/v2\/posts"}],"about":[{"href":"https:\/\/solidaridadnews.com\/index.php?rest_route=\/wp\/v2\/types\/post"}],"author":[{"embeddable":true,"href":"https:\/\/solidaridadnews.com\/index.php?rest_route=\/wp\/v2\/users\/1"}],"replies":[{"embeddable":true,"href":"https:\/\/solidaridadnews.com\/index.php?rest_route=%2Fwp%2Fv2%2Fcomments&post=33311"}],"version-history":[{"count":1,"href":"https:\/\/solidaridadnews.com\/index.php?rest_route=\/wp\/v2\/posts\/33311\/revisions"}],"predecessor-version":[{"id":33312,"href":"https:\/\/solidaridadnews.com\/index.php?rest_route=\/wp\/v2\/posts\/33311\/revisions\/33312"}],"wp:featuredmedia":[{"embeddable":true,"href":"https:\/\/solidaridadnews.com\/index.php?rest_route=\/wp\/v2\/media\/33313"}],"wp:attachment":[{"href":"https:\/\/solidaridadnews.com\/index.php?rest_route=%2Fwp%2Fv2%2Fmedia&parent=33311"}],"wp:term":[{"taxonomy":"category","embeddable":true,"href":"https:\/\/solidaridadnews.com\/index.php?rest_route=%2Fwp%2Fv2%2Fcategories&post=33311"},{"taxonomy":"post_tag","embeddable":true,"href":"https:\/\/solidaridadnews.com\/index.php?rest_route=%2Fwp%2Fv2%2Ftags&post=33311"}],"curies":[{"name":"wp","href":"https:\/\/api.w.org\/{rel}","templated":true}]}}