{"id":33302,"date":"2024-05-16T11:37:52","date_gmt":"2024-05-16T16:37:52","guid":{"rendered":"https:\/\/solidaridadnews.com\/?p=33302"},"modified":"2024-05-16T16:37:53","modified_gmt":"2024-05-16T16:37:53","slug":"v-de-victor-con-los-guantes-bien-puestos","status":"publish","type":"post","link":"https:\/\/solidaridadnews.com\/?p=33302","title":{"rendered":"V de V\u00edctor \u00a1Con los guantes bien puestos!"},"content":{"rendered":"<p>Tras dar voz al famoso gato atigrado amante de la lasa\u00f1a en la pel\u00edcula animada Garfield: Fuera de casa, el actor mexicano Memo Villegas ahora protagoniza V de V\u00edctor, en la que da vida a un boxeador retirado que regresa al ring contra su rival de anta\u00f1o, gracias al impulso de su peque\u00f1a hija y de su c\u00edrculo familiar y de amistad a su alrededor.<\/p>\n<p>La historia, filmada en Canarias y en Madrid, Espa\u00f1a, bajo la direcci\u00f3n de Frank Ariza, aborda c\u00f3mo afrontar los miedos del pasado, pero, sobre todo, los anhelos de cada persona a lo largo de su vida.<\/p>\n<p>La pel\u00edcula me hizo recordar el mayor miedo que he sentido profesionalmente y me ayud\u00f3 a hacer una similitud con lo que pasa V\u00edctor. De hecho, hay una escena con mi hija en la historia, antes de que se vaya a dormir, cuyo di\u00e1logo modifiqu\u00e9 de acuerdo con lo que yo siento del miedo. Es cuando V\u00edctor le menciona lo de las heridas, que hay algunas que se quitan, pero que hay otras que, si no son atendidas a tiempo, se pueden volver incurables. Por eso pelea, para dar carpetazo a ese miedo que<br \/>\nqued\u00f3.<\/p>\n<p>Y tambi\u00e9n est\u00e1n los miedos de rodar una pel\u00edcula, que son m\u00e1s superficiales, como el viajar a Espa\u00f1a con un equipo desconocido o que no diera el ancho como actor en el ring o que el couch que me tocara fuera muy dif\u00edcil\u201d, expres\u00f3 Villegas en enrevista con Exc\u00e9lsior.<\/p>\n<p>&nbsp;<\/p>\n<p>En la pel\u00edcula, su entrenamiento es casi artesanal, muy al estilo de Karate Kid, haciendo de lo cotidiano, sus herramientas para prepararse. Y es que se ha dedicado a ser cuidador en una casa hogar para ancianos.<\/p>\n<p>Su rival de anta\u00f1o, el Toro Mart\u00ednez, lo redescubre a trav\u00e9s de un video viral y lo reta a pelear de nuevo. Este personaje es interpretado por el boxeador de profesi\u00f3n Jonathan Maravilla Alonso, quien adem\u00e1s se convirti\u00f3 en el couch de Villegas.<\/p>\n<p>Le dec\u00eda al director que si iba a empezar a boxear antes, porque el tiempo era muy breve. Yo viajaba (a Espa\u00f1a) e \u00edbamos a tener tres semanas antes para empezar, estaba angustiado realmente, porque dije \u2018\u00bfno me van a mandar a clases de box antes?\u2019. Pero, lo que me gust\u00f3, es que Frank ten\u00eda una claridad de lo que iba a ver en las escenas, lo cual c\u00f3mo se agradece.<\/p>\n<p>A veces, en una peli, te dicen \u2018vas a ser un jugador de billar\u2019 y no sabes nada de billar y te mandan a estudiar \u2018por qu\u00e9 se llama taco el taco, cu\u00e1ntas bolas son\u2019, y ya se te fueron dos horas, cuando dices \u2018\u00bfpara qu\u00e9 vemos esto, si lo que vamos a hacer es que el otro actor me va a arrebatar el taco y va a hacer un tiro y yo una carambola? \u00bfpor qu\u00e9 no trabajar sobre eso, m\u00e1s que saber la historia del taco?\u2019. As\u00ed lo veo yo.<\/p>\n<p>En esta pel\u00edcula, as\u00ed fue. Maravilla fue directo, igual que Frank, y me ense\u00f1\u00f3 lo m\u00e1s b\u00e1sico, desde movernos frente al espejo, mover un pie y el otro, y ya con eso, \u00a1sobres, a la coreograf\u00eda! Si Jonathan no hubiera sido tan generoso, el resultado no hubiera sido el mismo. Agradec\u00ed que fuera mi couch el mismo que va a estar conmigo en escena, as\u00ed ya no est\u00e1s peleando con el actor. Sobre todo, la gentileza de la persona, me afloj\u00f3 para poder entrenar sin miedo ni preocupaci\u00f3n\u201d, se\u00f1al\u00f3 Memo.<\/p>\n<p>El dominicano nacionalizado espa\u00f1ol y peso w\u00e9lter Jonathan Maravilla Alonso calific\u00f3 de sencillo el trabajo en el set con Villegas, pues desde el primer d\u00eda en que el mexicano entr\u00f3 al gimnasio, se gan\u00f3 al equipo con su buen humor.<\/p>\n<p>Era una sensaci\u00f3n que daba gusto trabajar con \u00e9l. Ya cuando vimos su capacidad de aprendizaje y lo involucrado que estaba en querer aprender, dije \u2018esto va a ser muy sencillo\u2019. De hecho, nos sobraba tiempo de entrenamiento, porque entend\u00eda muy r\u00e1pido y quiz\u00e1 lo que ten\u00edamos que hacer a la semana, lo hac\u00edamos al segundo d\u00eda\u201d, explic\u00f3 Maravilla.<\/p>\n<p>\u00a1GANCHO AL H\u00cdGADO!<\/p>\n<p>Y aunque las escenas de box fueron coreografiadas, los actores confesaron que s\u00ed hubo an\u00e9cdotas de golpes.<\/p>\n<p>S\u00ed, bueno, an\u00e9cdotas de golpes \u00a1hay unas cuantas!\u201d, exclam\u00f3 el boxeador profesional, entre las risas de Villegas y Norma Ang\u00e9lica.<\/p>\n<p>Y es que Memo confes\u00f3 que est\u00e1 alejado del box y de cualquier deporte de contacto.<\/p>\n<p>Soy muy delicado en ese sentido, cuando apenas siento fuerza&#8230; Maravilla me dec\u00eda: \u2018t\u00fa p\u00e9game\u2019 y aun as\u00ed, yo no me atrev\u00eda a pegarle con todo. Luego me dec\u00eda \u2018\u00e9se es mi trabajo, t\u00fa golpe no va a ser como los que recibo en la chamba y recibo cu\u00e1ntos por pelea\u2019\u201d, relat\u00f3 Villegas.<\/p>\n<p>Maravilla detall\u00f3 que en los entrenamientos le ped\u00eda a Memo que le pegara, para que se viera real y bonito en la pantalla.<\/p>\n<p>Le dec\u00eda \u2018t\u00fa tranquilo, que no me vas a hacer da\u00f1o\u2019\u201d, se\u00f1al\u00f3 el boxeador.<\/p>\n","protected":false},"excerpt":{"rendered":"<p>Tras dar voz al famoso gato atigrado amante de la lasa\u00f1a en la pel\u00edcula animada Garfield: Fuera de casa, el actor mexicano Memo Villegas ahora protagoniza V de V\u00edctor, en la que da vida a un boxeador retirado que regresa al ring contra su rival de anta\u00f1o, gracias al impulso de su peque\u00f1a hija y [&hellip;]<\/p>\n","protected":false},"author":1,"featured_media":33304,"comment_status":"open","ping_status":"closed","sticky":false,"template":"","format":"standard","meta":{"footnotes":""},"categories":[1],"tags":[],"class_list":["post-33302","post","type-post","status-publish","format-standard","has-post-thumbnail","hentry","category-uncategorized"],"_links":{"self":[{"href":"https:\/\/solidaridadnews.com\/index.php?rest_route=\/wp\/v2\/posts\/33302","targetHints":{"allow":["GET"]}}],"collection":[{"href":"https:\/\/solidaridadnews.com\/index.php?rest_route=\/wp\/v2\/posts"}],"about":[{"href":"https:\/\/solidaridadnews.com\/index.php?rest_route=\/wp\/v2\/types\/post"}],"author":[{"embeddable":true,"href":"https:\/\/solidaridadnews.com\/index.php?rest_route=\/wp\/v2\/users\/1"}],"replies":[{"embeddable":true,"href":"https:\/\/solidaridadnews.com\/index.php?rest_route=%2Fwp%2Fv2%2Fcomments&post=33302"}],"version-history":[{"count":1,"href":"https:\/\/solidaridadnews.com\/index.php?rest_route=\/wp\/v2\/posts\/33302\/revisions"}],"predecessor-version":[{"id":33303,"href":"https:\/\/solidaridadnews.com\/index.php?rest_route=\/wp\/v2\/posts\/33302\/revisions\/33303"}],"wp:featuredmedia":[{"embeddable":true,"href":"https:\/\/solidaridadnews.com\/index.php?rest_route=\/wp\/v2\/media\/33304"}],"wp:attachment":[{"href":"https:\/\/solidaridadnews.com\/index.php?rest_route=%2Fwp%2Fv2%2Fmedia&parent=33302"}],"wp:term":[{"taxonomy":"category","embeddable":true,"href":"https:\/\/solidaridadnews.com\/index.php?rest_route=%2Fwp%2Fv2%2Fcategories&post=33302"},{"taxonomy":"post_tag","embeddable":true,"href":"https:\/\/solidaridadnews.com\/index.php?rest_route=%2Fwp%2Fv2%2Ftags&post=33302"}],"curies":[{"name":"wp","href":"https:\/\/api.w.org\/{rel}","templated":true}]}}