{"id":33287,"date":"2024-05-15T18:33:27","date_gmt":"2024-05-15T23:33:27","guid":{"rendered":"https:\/\/solidaridadnews.com\/?p=33287"},"modified":"2024-05-15T23:33:28","modified_gmt":"2024-05-15T23:33:28","slug":"jose-ramon-sancristobal-manda-mensaje-a-lucero-tras-pedir-su-cancelacion-lo-estan-llevando-demasiado-lejos","status":"publish","type":"post","link":"https:\/\/solidaridadnews.com\/?p=33287","title":{"rendered":"Jos\u00e9 Ram\u00f3n Sancrist\u00f3bal manda mensaje a Lucero tras pedir su cancelaci\u00f3n: \u00ablo est\u00e1n llevando demasiado lejos\u00bb"},"content":{"rendered":"<p>\u00abCancelados para siempre\u00bb fue la frase con la Lucero respondi\u00f3 a los desafortunados comentarios que Eduardo Videgaray, Jos\u00e9 Ram\u00f3n Sancrist\u00f3bal y Sof\u00eda Rivera Torres hicieron, hace unos d\u00edas, en contra de su hija, Lucero Mijares.<\/p>\n<p>Dichas palabras de la cantante se convirtieron en tendencia en las redes sociales, adem\u00e1s de que detonaron una serie de cr\u00edticas y ataques para los conductores, y, aunque ya se disculparon con la jovencita, \u00e9stos han continuado.<\/p>\n<p>Es por esta raz\u00f3n que Sancrist\u00f3bal, tambi\u00e9n conocido como \u00abEl Estaca\u00bb, mand\u00f3 un mensaje a la int\u00e9rprete de \u00abElectricidad\u00bb pues consider\u00f3 que la situaci\u00f3n ya ha llegado demasiado lejos.<\/p>\n<p>Fue durante el programa de radio \u00abLa Corneta\u00bb que tanto Videgaray como \u00abEl Estaca\u00bb conducen, que \u00e9ste \u00faltimo se tom\u00f3 el tiempo de hablar sobre el esc\u00e1ndalo que se ha suscitado y arremeti\u00f3 en contra de Lucero (mam\u00e1): \u00abofrecimos la disculpa de la mejor manera que se nos ocurri\u00f3 y las redes sociales est\u00e1n ofendid\u00edsimas. La verdad me importa muy poco, (pero) no puede ser que en este pa\u00eds uno ofrezca una disculpa y se pongan en ese plan; de postre, la mam\u00e1 nos puso un tuit: &#8216;cancelados para siempre\u00bb, dijo.<\/p>\n<p>Sancrist\u00f3bal, adem\u00e1s, se dirigi\u00f3 a los famosos padres de Lucerito (Lucero y Mijares) para tratar de poner fin a la situaci\u00f3n, ya que, consideran, todo se ha salido de control pues \u00abno era para tanto\u00bb: \u00abmi querida Lucero, nosotros siempre hemos sido m\u00e1s que amables contigo. Te conozco, (tambi\u00e9n) a Manuel, tu exesposo. Entiendo que cuando se trata de tus hijos la gente puede ofuscarse, pero ya lo est\u00e1n llevado demasiado lejos; no es para tanto&#8230; ya se les ofreci\u00f3 una disculpa y hasta ah\u00ed\u00bb, agreg\u00f3.<\/p>\n<p>Asimismo, reconoci\u00f3 que no hay nada que pueda hacer para que el enojo de los artistas ceda; pero volvi\u00f3 a disculparse con la familia: \u00abquisiera volver a ofrecerle a Lucerito una disculpa si es que le ofendi\u00f3 alguno de los chistes que hicimos. Un saludo tanto a Manuel Mijares como a Lucero madre, ceo que esta muy enojada y se te va a tener que quitar solita porque no es para tanto\u00bb. finaliz\u00f3.<\/p>\n<p>\u00bfQu\u00e9 fue lo que dijeron de Lucero Mijares?<br \/>\nDurante una emisi\u00f3n del programa \u00ab\u00a1Qu\u00e9 importa\u00bb, los conductores tomaron unas declaraciones hechas por la hija del \u00abSoldado del amor\u00bb en las que hablaba de su apariencia f\u00edsica y su estilo poco femenino; incluso, revel\u00f3 en algunas ocasiones han llegado a confundirla con un chico.<\/p>\n<p>Estas palabras no pasaron desapercibidas por los presentadores e hicieron chistes bastante \u00e1cidos al respecto. Sof\u00eda asegur\u00f3 que este detalle podr\u00eda traerle muchos beneficios, como entrar al ba\u00f1o de hombres sin ser cuestionada: \u201cPero mira, esto tiene sus ventajas: si hay fila en el ba\u00f1o de mujeres, entras al ba\u00f1o de hombres \u00a1y nadie te dice nada!\u201d; mientras que Videgaray agreg\u00f3: \u201cAhora bien, puedes jugarlo a tu favor Lucerito: hacer que te paguen como hombre, \u00a1pero entrar gratis al antro como mujer!\u201d.<\/p>\n<p>A pesar de que son conocidos por su nada ligero sentido del humor, los usuarios no vieron con buenos ojos estos comentarios y convirtieron a los conductores en el blanco de fuertes cr\u00edticas.<\/p>\n<p>&nbsp;<\/p>\n","protected":false},"excerpt":{"rendered":"<p>\u00abCancelados para siempre\u00bb fue la frase con la Lucero respondi\u00f3 a los desafortunados comentarios que Eduardo Videgaray, Jos\u00e9 Ram\u00f3n Sancrist\u00f3bal y Sof\u00eda Rivera Torres hicieron, hace unos d\u00edas, en contra de su hija, Lucero Mijares. Dichas palabras de la cantante se convirtieron en tendencia en las redes sociales, adem\u00e1s de que detonaron una serie de [&hellip;]<\/p>\n","protected":false},"author":1,"featured_media":33289,"comment_status":"open","ping_status":"closed","sticky":false,"template":"","format":"standard","meta":{"footnotes":""},"categories":[3],"tags":[],"class_list":["post-33287","post","type-post","status-publish","format-standard","has-post-thumbnail","hentry","category-espectaculos"],"_links":{"self":[{"href":"https:\/\/solidaridadnews.com\/index.php?rest_route=\/wp\/v2\/posts\/33287","targetHints":{"allow":["GET"]}}],"collection":[{"href":"https:\/\/solidaridadnews.com\/index.php?rest_route=\/wp\/v2\/posts"}],"about":[{"href":"https:\/\/solidaridadnews.com\/index.php?rest_route=\/wp\/v2\/types\/post"}],"author":[{"embeddable":true,"href":"https:\/\/solidaridadnews.com\/index.php?rest_route=\/wp\/v2\/users\/1"}],"replies":[{"embeddable":true,"href":"https:\/\/solidaridadnews.com\/index.php?rest_route=%2Fwp%2Fv2%2Fcomments&post=33287"}],"version-history":[{"count":1,"href":"https:\/\/solidaridadnews.com\/index.php?rest_route=\/wp\/v2\/posts\/33287\/revisions"}],"predecessor-version":[{"id":33288,"href":"https:\/\/solidaridadnews.com\/index.php?rest_route=\/wp\/v2\/posts\/33287\/revisions\/33288"}],"wp:featuredmedia":[{"embeddable":true,"href":"https:\/\/solidaridadnews.com\/index.php?rest_route=\/wp\/v2\/media\/33289"}],"wp:attachment":[{"href":"https:\/\/solidaridadnews.com\/index.php?rest_route=%2Fwp%2Fv2%2Fmedia&parent=33287"}],"wp:term":[{"taxonomy":"category","embeddable":true,"href":"https:\/\/solidaridadnews.com\/index.php?rest_route=%2Fwp%2Fv2%2Fcategories&post=33287"},{"taxonomy":"post_tag","embeddable":true,"href":"https:\/\/solidaridadnews.com\/index.php?rest_route=%2Fwp%2Fv2%2Ftags&post=33287"}],"curies":[{"name":"wp","href":"https:\/\/api.w.org\/{rel}","templated":true}]}}