{"id":33278,"date":"2024-05-14T19:00:53","date_gmt":"2024-05-15T00:00:53","guid":{"rendered":"https:\/\/solidaridadnews.com\/?p=33278"},"modified":"2024-05-15T00:00:54","modified_gmt":"2024-05-15T00:00:54","slug":"cd9-anuncia-nuevos-conciertos-para-the-last-party","status":"publish","type":"post","link":"https:\/\/solidaridadnews.com\/?p=33278","title":{"rendered":"CD9 anuncia nuevos conciertos para &#8216;The last party&#8217;"},"content":{"rendered":"<p>CD9, la boyband mexicana, hace apenas unas semanas sorprendi\u00f3 a sus fans al anunciar \u201cThe last party\u201d, su gira con la que se despedir\u00e1n de todos sus seguidores y aunque en un principio anunciaron conciertos en CDMX, los cuales fueron sold out a pocas horas de ponerse a la venta los boletos, poco a poco han a\u00f1adido nuevas fechas.<\/p>\n<p>Y hay buenas noticias para todos los coders, nombre que reciben los fans de CD9, la boyband anunci\u00f3 nuevas fechas en diferentes ciudades de M\u00e9xico para que as\u00ed sus seguidores sean parte de su despedida de los escenarios.<\/p>\n<p>\u00bfCu\u00e1ndo y d\u00f3nde se presentar\u00e1 CD9 en M\u00e9xico?<br \/>\nSi eres fan de CD9, te contamos que la agrupaci\u00f3n llegar\u00e1 a diferentes ciudades de M\u00e9xico, despu\u00e9s de que los coders pidieran una gira por todo el pa\u00eds, ya que hasta hace poco se pensaba que el grupo solamente dar\u00eda conciertos en CDMX, Guadalajara y Monterrey.<br \/>\nA continuaci\u00f3n, te dejamos las fechas y las ciudades en las que se presentar\u00e1 CD9:<\/p>\n<p>Torre\u00f3n-8 de septiembre en Coliseo Centenario<br \/>\nPuebla-20 de septiembre en Auditorio Metropolitano<br \/>\nVillahermosa-27 de septiembre en Teatro al aire libre<br \/>\nTuxtla-28 de septiembre en Foro Chiapas<br \/>\nAguascalientes-2 de octubre en Plaza de Toros<br \/>\nM\u00e9rida-18 de octubre en el Auditorio La Isla<br \/>\nMexicali-25 de octubre en la Plaza de Toros<br \/>\nTijuana-26 de octubre en El Trompo Domo<br \/>\nLe\u00f3n-2 de noviembre en Domo Le\u00f3n<br \/>\nQuer\u00e9taro-3 de noviembre en el Auditorio Josefa Ortiz<br \/>\nCuliac\u00e1n-8 de noviembre en Teatro Griego<br \/>\nToluca-9 de noviembre en Teatro Morelos<br \/>\nCd. Ju\u00e1rez-15 de noviembre en el Centro de Convenciones Anita<br \/>\nTampico-22 de noviembre en la Expo Tampico<br \/>\nVeracruz-23 de noviembre en el Auditorio Benito Ju\u00e1rez<br \/>\nHermosillo-20 de noviembre en CUM<br \/>\n\u00bfCu\u00e1ndo ser\u00e1 la venta para los conciertos de CD9 en M\u00e9xico?<br \/>\nTe contamos que la venta de boletos ser\u00e1 este 15 de mayo, por ahora se desconoce la hora en la que comenzar\u00e1, sin embargo, cuando salieron a la venta los boletos para CDMX, esta comenz\u00f3 a las 10:00 AM.<\/p>\n<p>Por otra parte, tambi\u00e9n se desconoce el precio que tendr\u00e1n los boletos.<\/p>\n<p>&nbsp;<\/p>\n","protected":false},"excerpt":{"rendered":"<p>CD9, la boyband mexicana, hace apenas unas semanas sorprendi\u00f3 a sus fans al anunciar \u201cThe last party\u201d, su gira con la que se despedir\u00e1n de todos sus seguidores y aunque en un principio anunciaron conciertos en CDMX, los cuales fueron sold out a pocas horas de ponerse a la venta los boletos, poco a poco [&hellip;]<\/p>\n","protected":false},"author":1,"featured_media":33280,"comment_status":"open","ping_status":"closed","sticky":false,"template":"","format":"standard","meta":{"footnotes":""},"categories":[3],"tags":[],"class_list":["post-33278","post","type-post","status-publish","format-standard","has-post-thumbnail","hentry","category-espectaculos"],"_links":{"self":[{"href":"https:\/\/solidaridadnews.com\/index.php?rest_route=\/wp\/v2\/posts\/33278","targetHints":{"allow":["GET"]}}],"collection":[{"href":"https:\/\/solidaridadnews.com\/index.php?rest_route=\/wp\/v2\/posts"}],"about":[{"href":"https:\/\/solidaridadnews.com\/index.php?rest_route=\/wp\/v2\/types\/post"}],"author":[{"embeddable":true,"href":"https:\/\/solidaridadnews.com\/index.php?rest_route=\/wp\/v2\/users\/1"}],"replies":[{"embeddable":true,"href":"https:\/\/solidaridadnews.com\/index.php?rest_route=%2Fwp%2Fv2%2Fcomments&post=33278"}],"version-history":[{"count":1,"href":"https:\/\/solidaridadnews.com\/index.php?rest_route=\/wp\/v2\/posts\/33278\/revisions"}],"predecessor-version":[{"id":33279,"href":"https:\/\/solidaridadnews.com\/index.php?rest_route=\/wp\/v2\/posts\/33278\/revisions\/33279"}],"wp:featuredmedia":[{"embeddable":true,"href":"https:\/\/solidaridadnews.com\/index.php?rest_route=\/wp\/v2\/media\/33280"}],"wp:attachment":[{"href":"https:\/\/solidaridadnews.com\/index.php?rest_route=%2Fwp%2Fv2%2Fmedia&parent=33278"}],"wp:term":[{"taxonomy":"category","embeddable":true,"href":"https:\/\/solidaridadnews.com\/index.php?rest_route=%2Fwp%2Fv2%2Fcategories&post=33278"},{"taxonomy":"post_tag","embeddable":true,"href":"https:\/\/solidaridadnews.com\/index.php?rest_route=%2Fwp%2Fv2%2Ftags&post=33278"}],"curies":[{"name":"wp","href":"https:\/\/api.w.org\/{rel}","templated":true}]}}