{"id":33272,"date":"2024-05-13T11:49:02","date_gmt":"2024-05-13T16:49:02","guid":{"rendered":"https:\/\/solidaridadnews.com\/?p=33272"},"modified":"2024-05-13T16:49:04","modified_gmt":"2024-05-13T16:49:04","slug":"vuelca-joven-conductor-en-el-bulevar-playa-del-carmen","status":"publish","type":"post","link":"https:\/\/solidaridadnews.com\/?p=33272","title":{"rendered":"Vuelca joven conductor en el bulevar Playa del Carmen"},"content":{"rendered":"<p>Un auto compacto acab\u00f3 volcado sobre el Bulevar Playa del Carmen, luego que su conductor perdiera el control al transitar a exceso de velocidad y realizar una mala maniobra.<br \/>\nEstos hechos ocurrieron a eso de las 8 de la noche, cuando este joven de unos 25 a\u00f1os de edad se dispon\u00eda a doblar en la avenida Luis Donaldo Colosio.<\/p>\n<p>Seg\u00fan testigos, el conductor, al evitar doblar en el carril de bajada, intent\u00f3 hacerlo en el central, pero termin\u00f3 chocando contra la guarnici\u00f3n del sem\u00e1foro. Esto ocasion\u00f3 que el auto compacto acaba volcado sobre la carpeta asf\u00e1ltica.<\/p>\n<p>El joven, quien al parecer iba en estado de ebriedad, sali\u00f3 ileso del veh\u00edculo.<br \/>\nA este lugar arribaron param\u00e9dicos particulares, quienes solo valoraron al joven, por si presentaba alguna lesi\u00f3n.<\/p>\n<p>Poco despu\u00e9s, elementos de la Direcci\u00f3n de Tr\u00e1nsito se dieron cita en el lugar y detuvieron al joven, quien fue trasladado a los separos de Seguridad P\u00fablica, por los da\u00f1os ocasionados.<br \/>\nEl auto compacto fue llevado a un corral\u00f3n .de la ciudad<\/p>\n","protected":false},"excerpt":{"rendered":"<p>Un auto compacto acab\u00f3 volcado sobre el Bulevar Playa del Carmen, luego que su conductor perdiera el control al transitar a exceso de velocidad y realizar una mala maniobra. Estos hechos ocurrieron a eso de las 8 de la noche, cuando este joven de unos 25 a\u00f1os de edad se dispon\u00eda a doblar en la [&hellip;]<\/p>\n","protected":false},"author":1,"featured_media":33274,"comment_status":"open","ping_status":"closed","sticky":false,"template":"","format":"standard","meta":{"footnotes":""},"categories":[4],"tags":[],"class_list":["post-33272","post","type-post","status-publish","format-standard","has-post-thumbnail","hentry","category-local"],"_links":{"self":[{"href":"https:\/\/solidaridadnews.com\/index.php?rest_route=\/wp\/v2\/posts\/33272","targetHints":{"allow":["GET"]}}],"collection":[{"href":"https:\/\/solidaridadnews.com\/index.php?rest_route=\/wp\/v2\/posts"}],"about":[{"href":"https:\/\/solidaridadnews.com\/index.php?rest_route=\/wp\/v2\/types\/post"}],"author":[{"embeddable":true,"href":"https:\/\/solidaridadnews.com\/index.php?rest_route=\/wp\/v2\/users\/1"}],"replies":[{"embeddable":true,"href":"https:\/\/solidaridadnews.com\/index.php?rest_route=%2Fwp%2Fv2%2Fcomments&post=33272"}],"version-history":[{"count":1,"href":"https:\/\/solidaridadnews.com\/index.php?rest_route=\/wp\/v2\/posts\/33272\/revisions"}],"predecessor-version":[{"id":33273,"href":"https:\/\/solidaridadnews.com\/index.php?rest_route=\/wp\/v2\/posts\/33272\/revisions\/33273"}],"wp:featuredmedia":[{"embeddable":true,"href":"https:\/\/solidaridadnews.com\/index.php?rest_route=\/wp\/v2\/media\/33274"}],"wp:attachment":[{"href":"https:\/\/solidaridadnews.com\/index.php?rest_route=%2Fwp%2Fv2%2Fmedia&parent=33272"}],"wp:term":[{"taxonomy":"category","embeddable":true,"href":"https:\/\/solidaridadnews.com\/index.php?rest_route=%2Fwp%2Fv2%2Fcategories&post=33272"},{"taxonomy":"post_tag","embeddable":true,"href":"https:\/\/solidaridadnews.com\/index.php?rest_route=%2Fwp%2Fv2%2Ftags&post=33272"}],"curies":[{"name":"wp","href":"https:\/\/api.w.org\/{rel}","templated":true}]}}