{"id":33269,"date":"2024-05-13T11:26:49","date_gmt":"2024-05-13T16:26:49","guid":{"rendered":"https:\/\/solidaridadnews.com\/?p=33269"},"modified":"2024-05-13T16:26:50","modified_gmt":"2024-05-13T16:26:50","slug":"el-festival-de-cannes-alista-su-inauguracion-en-medio-de-acusaciones-de-abuso-y-huelgas","status":"publish","type":"post","link":"https:\/\/solidaridadnews.com\/?p=33269","title":{"rendered":"El Festival de Cannes alista su inauguraci\u00f3n en medio de acusaciones de abuso y huelgas"},"content":{"rendered":"<p>La emoci\u00f3n que suele ir in crescendo antes de la noche inaugural del Festival de Cine de Cannes se ha visto frenada este a\u00f1o por los rumores de acusaciones potencialmente explosivas relacionadas con el movimiento #MeToo y una posible huelga de trabajadores del festival que podr\u00eda paralizar el evento.<\/p>\n<p>Sin embargo, hay mucho por lo que entusiasmarse, con \u00abMegal\u00f3polis\u00bb, de Francis Ford Coppola, y Emma Stone -reci\u00e9n salida del \u00e9xito de \u00abPobres criaturas\u00bb- asoci\u00e1ndose de nuevo con Yorgos Lanthimos en \u00abTipos de Gentileza\u00bb, entre las pel\u00edculas que se estrenan.<\/p>\n<p>\u00abLa combinaci\u00f3n de entusiasmo por las pel\u00edculas y preocupaci\u00f3n por los disturbios y posibles acusaciones criminales se est\u00e1 combinando en un ambiente muy extra\u00f1o este a\u00f1o\u00bb, dijo el lunes a Reuters Scott Roxborough, jefe de la oficina europea de The Hollywood Reporter.<\/p>\n<p>El diario franc\u00e9s Le Figaro inform\u00f3 la semana pasada que los organizadores han contratado a un equipo de gesti\u00f3n de crisis para hacer frente a las posibles consecuencias de la publicaci\u00f3n de los nombres de diez figuras de la industria acusadas de abusos sexuales, que podr\u00eda coincidir con la ceremonia de apertura del martes.<\/p>\n<p>\u00abCuando se haga p\u00fablica esta informaci\u00f3n, probablemente estallar\u00e1 como una aut\u00e9ntica bomba\u00bb, dijo Roxborough.<\/p>\n<p>Algunas pel\u00edculas podr\u00edan ser retiradas del programa, seg\u00fan Le Figaro, o se podr\u00eda pedir a algunos de los acusados que no aparezcan en la alfombra roja, dependiendo de la gravedad de las acusaciones.<\/p>\n<p>Tambi\u00e9n existe la posibilidad de una huelga de los trabajadores aut\u00f3nomos del festival por los cambios propuestos en la legislaci\u00f3n laboral francesa.<\/p>\n<p>\u00abPodr\u00edamos ver lo que no hemos visto desde 1968, antes de mi \u00e9poca, que el festival de cine podr\u00eda cerrar\u00bb, dijo Roxborough sobre el efecto que la huelga podr\u00eda tener en el festival.<\/p>\n<p>Con este tenso tel\u00f3n de fondo, los organizadores han apostado fuerte con una de las mejores programaciones de los \u00faltimos a\u00f1os.<\/p>\n<p>Para Roxborough, la epopeya de ciencia ficci\u00f3n \u00abMegal\u00f3polis\u00bb, protagonizada por Adam Driver, en la que Coppola lleva d\u00e9cadas trabajando y que ha financiado con su fortuna vin\u00edcola, es la pel\u00edcula imprescindible de este a\u00f1o.<\/p>\n<p>En los \u00faltimos a\u00f1os, Cannes se ha volcado especialmente con los viejos nombres de Hollywood, Coppola incluido, como demuestra el aumento de premios honor\u00edficos concedidos a nombres tan conocidos como George Lucas, Meryl Streep, Tom Cruise y Harrison Ford.<\/p>\n","protected":false},"excerpt":{"rendered":"<p>La emoci\u00f3n que suele ir in crescendo antes de la noche inaugural del Festival de Cine de Cannes se ha visto frenada este a\u00f1o por los rumores de acusaciones potencialmente explosivas relacionadas con el movimiento #MeToo y una posible huelga de trabajadores del festival que podr\u00eda paralizar el evento. Sin embargo, hay mucho por lo [&hellip;]<\/p>\n","protected":false},"author":1,"featured_media":33271,"comment_status":"open","ping_status":"closed","sticky":false,"template":"","format":"standard","meta":{"footnotes":""},"categories":[3],"tags":[],"class_list":["post-33269","post","type-post","status-publish","format-standard","has-post-thumbnail","hentry","category-espectaculos"],"_links":{"self":[{"href":"https:\/\/solidaridadnews.com\/index.php?rest_route=\/wp\/v2\/posts\/33269","targetHints":{"allow":["GET"]}}],"collection":[{"href":"https:\/\/solidaridadnews.com\/index.php?rest_route=\/wp\/v2\/posts"}],"about":[{"href":"https:\/\/solidaridadnews.com\/index.php?rest_route=\/wp\/v2\/types\/post"}],"author":[{"embeddable":true,"href":"https:\/\/solidaridadnews.com\/index.php?rest_route=\/wp\/v2\/users\/1"}],"replies":[{"embeddable":true,"href":"https:\/\/solidaridadnews.com\/index.php?rest_route=%2Fwp%2Fv2%2Fcomments&post=33269"}],"version-history":[{"count":1,"href":"https:\/\/solidaridadnews.com\/index.php?rest_route=\/wp\/v2\/posts\/33269\/revisions"}],"predecessor-version":[{"id":33270,"href":"https:\/\/solidaridadnews.com\/index.php?rest_route=\/wp\/v2\/posts\/33269\/revisions\/33270"}],"wp:featuredmedia":[{"embeddable":true,"href":"https:\/\/solidaridadnews.com\/index.php?rest_route=\/wp\/v2\/media\/33271"}],"wp:attachment":[{"href":"https:\/\/solidaridadnews.com\/index.php?rest_route=%2Fwp%2Fv2%2Fmedia&parent=33269"}],"wp:term":[{"taxonomy":"category","embeddable":true,"href":"https:\/\/solidaridadnews.com\/index.php?rest_route=%2Fwp%2Fv2%2Fcategories&post=33269"},{"taxonomy":"post_tag","embeddable":true,"href":"https:\/\/solidaridadnews.com\/index.php?rest_route=%2Fwp%2Fv2%2Ftags&post=33269"}],"curies":[{"name":"wp","href":"https:\/\/api.w.org\/{rel}","templated":true}]}}