{"id":33266,"date":"2024-05-13T11:24:39","date_gmt":"2024-05-13T16:24:39","guid":{"rendered":"https:\/\/solidaridadnews.com\/?p=33266"},"modified":"2024-05-13T16:24:40","modified_gmt":"2024-05-13T16:24:40","slug":"nodal-elimina-todas-sus-fotos-con-cazzu-ni-la-felicito-por-el-10-de-mayo","status":"publish","type":"post","link":"https:\/\/solidaridadnews.com\/?p=33266","title":{"rendered":"Nodal elimina todas sus fotos con Cazzu: \u00abni la felicit\u00f3 por el 10 de mayo\u00bb"},"content":{"rendered":"<p>El cantante de regional mexicano caus\u00f3 esc\u00e1ndalo al eliminar todas las fotos con Cazzu, en plenos festejos del 10 de mayo.<\/p>\n<p>Christian Nodal, cantante de regional mexicano, es uno de los artistas m\u00e1s populares del momento, aunque tambi\u00e9n ha sido muy buscado en redes sociales por sus recientes esc\u00e1ndalos; ahora le persiguen los rumores de ruptura con Cazzu.<\/p>\n<p>Aunque dio a conocer hace poco que el parto de la argentina result\u00f3 un verdadero trauma, lo cierto es que ahora los fans se preguntan si hay una separaci\u00f3n entre ambos cantantes pues el mexicano decidi\u00f3 eliminar todas sus fotos con la trapera.<\/p>\n<p>Esto desat\u00f3 gran descontrol entre los fans de los famosos, pues incluso los propios internautas comenzaron a reclamarle por qu\u00e9 no felicit\u00f3 p\u00fablicamente a la mam\u00e1 de su hija por \u00e9ste 10 de mayo, cuando la argentina ya hab\u00eda publicado algo en sus redes.<\/p>\n<p>Y es que todo esto &#8216;encendi\u00f3&#8217; las alarmas de una posible ruptura entre los famosos, debido a que no existi\u00f3 una muestra de agradecimiento por el nacimiento de Inti hacia Cazzu, as\u00ed como el hecho de que el sonorense elimin\u00f3 todas las fotos con su novia.<\/p>\n<p>El Instagram de Nodal est\u00e1 casi vac\u00edo pues nada m\u00e1s dej\u00f3 tres fotograf\u00edas donde est\u00e1 completamente solo, en sus conciertos y dem\u00e1s escenarios, pero sin rastro alguno de Inti o Cazzu; algunos aseguraron que es parte de promocionar su trabajo.<\/p>\n<p>\u00bfRealmente habr\u00e1 una separaci\u00f3n de Cazzu y Nodal?<br \/>\nLa relaci\u00f3n de los cantante se ha visto envuelta en el esc\u00e1ndalo desde que iniciaron, empezando por la &#8216;sombra&#8217; de Belinda, ex prometida del mexicano, quien recientemente lanz\u00f3 su &#8216;tiradera&#8217; en contra del int\u00e9rprete de &#8216;Ya no somos, ni seremos&#8217;.<\/p>\n<p>Aunque no hay claridad sobre lo que realmente pasa ahora mismo con la pareja, Cazzu por su parte conserva todas las postales con Nodal y por supuesto su hija Inti, desde que hizo el anuncio de su embarazo hasta la fecha.<\/p>\n<p>Lo cierto es que cada rumor de separaci\u00f3n lo terminan por desmentir con amorosas fotos o videos, pero \u00e9sta vez los fans han considerado que Nodal est\u00e1 siendo grosero con su novia al tacharlo de ignorarla en fechas importantes.<\/p>\n<p>\u00abPor qu\u00e9 no ha felicitado a cazzu por el 10 de mayo\u00bb.<br \/>\n\u00abNo todo lo tienen que hacer p\u00fablico\u00bb.<br \/>\n\u00abTal vez ya se separaron\u00bb.<br \/>\n\u00abNodal es tremendo\u00bb.<\/p>\n","protected":false},"excerpt":{"rendered":"<p>El cantante de regional mexicano caus\u00f3 esc\u00e1ndalo al eliminar todas las fotos con Cazzu, en plenos festejos del 10 de mayo. Christian Nodal, cantante de regional mexicano, es uno de los artistas m\u00e1s populares del momento, aunque tambi\u00e9n ha sido muy buscado en redes sociales por sus recientes esc\u00e1ndalos; ahora le persiguen los rumores de [&hellip;]<\/p>\n","protected":false},"author":1,"featured_media":33268,"comment_status":"open","ping_status":"closed","sticky":false,"template":"","format":"standard","meta":{"footnotes":""},"categories":[3],"tags":[],"class_list":["post-33266","post","type-post","status-publish","format-standard","has-post-thumbnail","hentry","category-espectaculos"],"_links":{"self":[{"href":"https:\/\/solidaridadnews.com\/index.php?rest_route=\/wp\/v2\/posts\/33266","targetHints":{"allow":["GET"]}}],"collection":[{"href":"https:\/\/solidaridadnews.com\/index.php?rest_route=\/wp\/v2\/posts"}],"about":[{"href":"https:\/\/solidaridadnews.com\/index.php?rest_route=\/wp\/v2\/types\/post"}],"author":[{"embeddable":true,"href":"https:\/\/solidaridadnews.com\/index.php?rest_route=\/wp\/v2\/users\/1"}],"replies":[{"embeddable":true,"href":"https:\/\/solidaridadnews.com\/index.php?rest_route=%2Fwp%2Fv2%2Fcomments&post=33266"}],"version-history":[{"count":1,"href":"https:\/\/solidaridadnews.com\/index.php?rest_route=\/wp\/v2\/posts\/33266\/revisions"}],"predecessor-version":[{"id":33267,"href":"https:\/\/solidaridadnews.com\/index.php?rest_route=\/wp\/v2\/posts\/33266\/revisions\/33267"}],"wp:featuredmedia":[{"embeddable":true,"href":"https:\/\/solidaridadnews.com\/index.php?rest_route=\/wp\/v2\/media\/33268"}],"wp:attachment":[{"href":"https:\/\/solidaridadnews.com\/index.php?rest_route=%2Fwp%2Fv2%2Fmedia&parent=33266"}],"wp:term":[{"taxonomy":"category","embeddable":true,"href":"https:\/\/solidaridadnews.com\/index.php?rest_route=%2Fwp%2Fv2%2Fcategories&post=33266"},{"taxonomy":"post_tag","embeddable":true,"href":"https:\/\/solidaridadnews.com\/index.php?rest_route=%2Fwp%2Fv2%2Ftags&post=33266"}],"curies":[{"name":"wp","href":"https:\/\/api.w.org\/{rel}","templated":true}]}}