{"id":33263,"date":"2024-05-13T11:22:50","date_gmt":"2024-05-13T16:22:50","guid":{"rendered":"https:\/\/solidaridadnews.com\/?p=33263"},"modified":"2024-05-13T16:22:51","modified_gmt":"2024-05-13T16:22:51","slug":"alejandra-guzman-desheredo-a-apolo-su-ahijado-por-supuestamente-no-ser-hijo-de-su-hermano","status":"publish","type":"post","link":"https:\/\/solidaridadnews.com\/?p=33263","title":{"rendered":"Alejandra Guzm\u00e1n deshered\u00f3 a Apolo, su ahijado, por supuestamente no ser hijo de su hermano"},"content":{"rendered":"<p>Desde el 2023 la familia Guzm\u00e1n ha estado en la pol\u00e9mica despu\u00e9s de que Luis Enrique Guzm\u00e1n asegurara que el peque\u00f1o Apolo no es su hijo. Desde entonces, \u00e9l y Mayela Laguna, madre del ni\u00f1o, han tenido una disputa legal, ya que Mayela asegura que el menor s\u00ed es parte de la dinast\u00eda Guzm\u00e1n.<\/p>\n<p>Varios meses han transcurrido y a\u00fan se espera el momento en el que Luis Enrique Guzm\u00e1n se someta a una prueba de ADN con Apolo ante las autoridades para confirmar si son padre e hijo. Esta ser\u00eda la segunda prueba, ya que la primera la realiz\u00f3 Luis Enrique en un laboratorio privado.<\/p>\n<p>Alejandra Guzm\u00e1n deshereda a Apolo<br \/>\nSe sabe que Alejandra Guzm\u00e1n tiene un gran cari\u00f1o por Apolo e incluso fue elegida como la madrina de bautizo del peque\u00f1o, pero a pesar del amor que le tiene al ni\u00f1o, la cantante decidi\u00f3 desheredarlo.<\/p>\n<p>Algunos medios aseguraron que la cantante hab\u00eda incluido a Apolo a su testamento y esto fue confirmado ahora que la famosa mencion\u00f3 que el peque\u00f1o ya no est\u00e1 incluido en su herencia.<\/p>\n<p>\u201cApolo no es su nieto (de Silvia Pinal y Enrique Guzm\u00e1n) y ya, no pasa nada, ya pasaron los a\u00f1os\u201d, coment\u00f3 Alejandra Guzm\u00e1n ante los medios de comunicaci\u00f3n que estaban afuera de la casa de Silvia Pinal.<\/p>\n<p>La cantante se\u00f1al\u00f3 que lamenta que su familia est\u00e9 en la pol\u00e9mica y que todo esto est\u00e9 pasando con Apolo, ya que le tiene un gran cari\u00f1o.<\/p>\n<p>\u201cNo entiendo por qu\u00e9 pasan estas cosas, pero s\u00e9 que somos un foco de atractivo para muchas cosas y nada, al final hay que sobrevivir. L\u00e1stima porque yo lo adoro, pero est\u00e1 ca\u00f1\u00f3n\u201d.<\/p>\n<p>En cuanto le cuestionaron si Apolo sigue en su testamento, esto contest\u00f3:<\/p>\n<p>\u201cNo, desgraciadamente no\u201d.<\/p>\n<p>Finalmente, los reporteros le preguntaron c\u00f3mo pasar\u00eda el D\u00eda de las Madres despu\u00e9s de que lleva distanciada de su hija, Frida Sof\u00eda, varios a\u00f1os.<\/p>\n<p>\u201cHonro este d\u00eda y a todas las madres, porque no es f\u00e1cil sacarlos adelante, verlos crecer, ser madre y padre, y pues la puedo ver crecer por lo menos de lejos\u201d.<\/p>\n<p>&nbsp;<\/p>\n","protected":false},"excerpt":{"rendered":"<p>Desde el 2023 la familia Guzm\u00e1n ha estado en la pol\u00e9mica despu\u00e9s de que Luis Enrique Guzm\u00e1n asegurara que el peque\u00f1o Apolo no es su hijo. Desde entonces, \u00e9l y Mayela Laguna, madre del ni\u00f1o, han tenido una disputa legal, ya que Mayela asegura que el menor s\u00ed es parte de la dinast\u00eda Guzm\u00e1n. Varios [&hellip;]<\/p>\n","protected":false},"author":1,"featured_media":33265,"comment_status":"open","ping_status":"closed","sticky":false,"template":"","format":"standard","meta":{"footnotes":""},"categories":[3],"tags":[],"class_list":["post-33263","post","type-post","status-publish","format-standard","has-post-thumbnail","hentry","category-espectaculos"],"_links":{"self":[{"href":"https:\/\/solidaridadnews.com\/index.php?rest_route=\/wp\/v2\/posts\/33263","targetHints":{"allow":["GET"]}}],"collection":[{"href":"https:\/\/solidaridadnews.com\/index.php?rest_route=\/wp\/v2\/posts"}],"about":[{"href":"https:\/\/solidaridadnews.com\/index.php?rest_route=\/wp\/v2\/types\/post"}],"author":[{"embeddable":true,"href":"https:\/\/solidaridadnews.com\/index.php?rest_route=\/wp\/v2\/users\/1"}],"replies":[{"embeddable":true,"href":"https:\/\/solidaridadnews.com\/index.php?rest_route=%2Fwp%2Fv2%2Fcomments&post=33263"}],"version-history":[{"count":1,"href":"https:\/\/solidaridadnews.com\/index.php?rest_route=\/wp\/v2\/posts\/33263\/revisions"}],"predecessor-version":[{"id":33264,"href":"https:\/\/solidaridadnews.com\/index.php?rest_route=\/wp\/v2\/posts\/33263\/revisions\/33264"}],"wp:featuredmedia":[{"embeddable":true,"href":"https:\/\/solidaridadnews.com\/index.php?rest_route=\/wp\/v2\/media\/33265"}],"wp:attachment":[{"href":"https:\/\/solidaridadnews.com\/index.php?rest_route=%2Fwp%2Fv2%2Fmedia&parent=33263"}],"wp:term":[{"taxonomy":"category","embeddable":true,"href":"https:\/\/solidaridadnews.com\/index.php?rest_route=%2Fwp%2Fv2%2Fcategories&post=33263"},{"taxonomy":"post_tag","embeddable":true,"href":"https:\/\/solidaridadnews.com\/index.php?rest_route=%2Fwp%2Fv2%2Ftags&post=33263"}],"curies":[{"name":"wp","href":"https:\/\/api.w.org\/{rel}","templated":true}]}}