{"id":33254,"date":"2024-05-12T22:33:52","date_gmt":"2024-05-13T03:33:52","guid":{"rendered":"https:\/\/solidaridadnews.com\/?p=33254"},"modified":"2024-05-13T03:33:53","modified_gmt":"2024-05-13T03:33:53","slug":"un-nuevo-destino-keylor-navas-anuncia-su-salida-del-psg","status":"publish","type":"post","link":"https:\/\/solidaridadnews.com\/?p=33254","title":{"rendered":"\u00a1Un nuevo destino! Keylor Navas anuncia su salida del PSG"},"content":{"rendered":"<p>Keylor Navas anunci\u00f3 de manera oficial su salida del Paris Saint-Germain tras cinco temporadas con el club, el tico dio a conocer la noticia a trav\u00e9s de sus redes sociales unas horas despu\u00e9s de que Kylian Mbapp\u00e9 informar\u00e1 que no continuar\u00eda en el \u2018Parque de Pr\u00edncipes\u2019.<\/p>\n<p>Keylor agradeci\u00f3 en su Instagram lo vivido durante su estancia con el PSG: \u201cGracias a Dios siempre he sentido su cari\u00f1o y su aliento. Ha sido un honor defender este escudo en este incre\u00edble estadio. Quedan objetivos por delante pero no quer\u00eda dejar pasar la oportunidad de despedirme de la que ha sido mi casa\u201d.<\/p>\n<p>El exmundialista con Costa Rica se va tras disputar 113 partidos con los franceses, donde recibi\u00f3 94 goles y manteniendo el cero en 51 encuentros.<br \/>\nEl tico cosech\u00f3 tres t\u00edtulos de Ligue 1, dos Copas, una Copa de la Liga y tres Supercopas de Francia adem\u00e1s de un subcampeonato de Champions League tras caer en la Final de 2020 ante el Bayern Munich.<\/p>\n<p>El guardameta podr\u00eda llevar un t\u00edtulo m\u00e1s a su palmar\u00e9s, el pr\u00f3ximo 25 de mayo en la Final de la Copa de Francia, donde el PSG diputar\u00e1 el encuentro ante el Lyon.<\/p>\n","protected":false},"excerpt":{"rendered":"<p>Keylor Navas anunci\u00f3 de manera oficial su salida del Paris Saint-Germain tras cinco temporadas con el club, el tico dio a conocer la noticia a trav\u00e9s de sus redes sociales unas horas despu\u00e9s de que Kylian Mbapp\u00e9 informar\u00e1 que no continuar\u00eda en el \u2018Parque de Pr\u00edncipes\u2019. Keylor agradeci\u00f3 en su Instagram lo vivido durante su [&hellip;]<\/p>\n","protected":false},"author":1,"featured_media":33256,"comment_status":"open","ping_status":"closed","sticky":false,"template":"","format":"standard","meta":{"footnotes":""},"categories":[6],"tags":[],"class_list":["post-33254","post","type-post","status-publish","format-standard","has-post-thumbnail","hentry","category-deportes"],"_links":{"self":[{"href":"https:\/\/solidaridadnews.com\/index.php?rest_route=\/wp\/v2\/posts\/33254","targetHints":{"allow":["GET"]}}],"collection":[{"href":"https:\/\/solidaridadnews.com\/index.php?rest_route=\/wp\/v2\/posts"}],"about":[{"href":"https:\/\/solidaridadnews.com\/index.php?rest_route=\/wp\/v2\/types\/post"}],"author":[{"embeddable":true,"href":"https:\/\/solidaridadnews.com\/index.php?rest_route=\/wp\/v2\/users\/1"}],"replies":[{"embeddable":true,"href":"https:\/\/solidaridadnews.com\/index.php?rest_route=%2Fwp%2Fv2%2Fcomments&post=33254"}],"version-history":[{"count":1,"href":"https:\/\/solidaridadnews.com\/index.php?rest_route=\/wp\/v2\/posts\/33254\/revisions"}],"predecessor-version":[{"id":33255,"href":"https:\/\/solidaridadnews.com\/index.php?rest_route=\/wp\/v2\/posts\/33254\/revisions\/33255"}],"wp:featuredmedia":[{"embeddable":true,"href":"https:\/\/solidaridadnews.com\/index.php?rest_route=\/wp\/v2\/media\/33256"}],"wp:attachment":[{"href":"https:\/\/solidaridadnews.com\/index.php?rest_route=%2Fwp%2Fv2%2Fmedia&parent=33254"}],"wp:term":[{"taxonomy":"category","embeddable":true,"href":"https:\/\/solidaridadnews.com\/index.php?rest_route=%2Fwp%2Fv2%2Fcategories&post=33254"},{"taxonomy":"post_tag","embeddable":true,"href":"https:\/\/solidaridadnews.com\/index.php?rest_route=%2Fwp%2Fv2%2Ftags&post=33254"}],"curies":[{"name":"wp","href":"https:\/\/api.w.org\/{rel}","templated":true}]}}