{"id":33245,"date":"2024-05-11T23:00:52","date_gmt":"2024-05-12T04:00:52","guid":{"rendered":"https:\/\/solidaridadnews.com\/?p=33245"},"modified":"2024-05-12T05:00:48","modified_gmt":"2024-05-12T05:00:48","slug":"zoe-robledo-se-reune-con-presidente-de-cuba-para-fortalecer-cooperacion-en-salud","status":"publish","type":"post","link":"https:\/\/solidaridadnews.com\/?p=33245","title":{"rendered":"Zo\u00e9 Robledo se re\u00fane con presidente de Cuba para fortalecer cooperaci\u00f3n en salud"},"content":{"rendered":"<p>En una muestra de cooperaci\u00f3n internacional en materia de salud, el director general del Instituto Mexicano del Seguro Social (IMSS), Zo\u00e9 Robledo, se reuni\u00f3 ayer en La Habana con el presidente de Cuba, Miguel D\u00edaz-Canel. El encuentro se llev\u00f3 a cabo en el Palacio de la Revoluci\u00f3n, para fortalecer los lazos sanitarios entre ambos pa\u00edses.<\/p>\n<p>Esta reuni\u00f3n, que tuvo lugar por instrucciones del presidente de la Rep\u00fablica, Andr\u00e9s Manuel L\u00f3pez Obrador, cont\u00f3 tambi\u00e9n con la presencia del equipo del Ministerio de Salud de Cuba y una delegaci\u00f3n del IMSS-Bienestar.<\/p>\n<p>El pasado mes de abril, representantes del IMSS-Bienestar y del Ministerio de Salud de Cuba se encontraron en la sede del H. Consejo T\u00e9cnico del IMSS, donde discutieron la cooperaci\u00f3n de m\u00e9dicos cubanos al sistema de salud federalizado operado por IMSS-Bienestar en 23 estados.<\/p>\n<p>Durante este encuentro, el director general del IMSS se\u00f1al\u00f3 que, mediante un convenio entre los gobiernos de M\u00e9xico y Cuba, se busca ampliar la presencia de m\u00e9dicos cubanos a mil 200, para brindar apoyo en unidades m\u00e9dicas ubicadas en zonas remotas y de dif\u00edcil acceso.<\/p>\n<p>Por su parte, el Ministerio de Salud cubano inform\u00f3 que actualmente hay 768 m\u00e9dicos cubanos trabajando en el sector salud mexicano, y que pr\u00f3ximamente llegar\u00e1n 123 m\u00e1s con especialidad en Medicina Familiar.<\/p>\n<p>La incorporaci\u00f3n de m\u00e9dicos cubanos al IMSS-Bienestar se suma al esfuerzo de los profesionales de la salud mexicanos para fortalecer el Primer Nivel de Atenci\u00f3n, aumentando la productividad en consultas y quir\u00f3fanos. Este intercambio de conocimientos y recursos es un paso significativo en el fortalecimiento de la salud p\u00fablica en M\u00e9xico.<\/p>\n","protected":false},"excerpt":{"rendered":"<p>En una muestra de cooperaci\u00f3n internacional en materia de salud, el director general del Instituto Mexicano del Seguro Social (IMSS), Zo\u00e9 Robledo, se reuni\u00f3 ayer en La Habana con el presidente de Cuba, Miguel D\u00edaz-Canel. El encuentro se llev\u00f3 a cabo en el Palacio de la Revoluci\u00f3n, para fortalecer los lazos sanitarios entre ambos pa\u00edses. [&hellip;]<\/p>\n","protected":false},"author":1,"featured_media":33247,"comment_status":"open","ping_status":"closed","sticky":false,"template":"","format":"standard","meta":{"footnotes":""},"categories":[2],"tags":[],"class_list":["post-33245","post","type-post","status-publish","format-standard","has-post-thumbnail","hentry","category-nacional"],"_links":{"self":[{"href":"https:\/\/solidaridadnews.com\/index.php?rest_route=\/wp\/v2\/posts\/33245","targetHints":{"allow":["GET"]}}],"collection":[{"href":"https:\/\/solidaridadnews.com\/index.php?rest_route=\/wp\/v2\/posts"}],"about":[{"href":"https:\/\/solidaridadnews.com\/index.php?rest_route=\/wp\/v2\/types\/post"}],"author":[{"embeddable":true,"href":"https:\/\/solidaridadnews.com\/index.php?rest_route=\/wp\/v2\/users\/1"}],"replies":[{"embeddable":true,"href":"https:\/\/solidaridadnews.com\/index.php?rest_route=%2Fwp%2Fv2%2Fcomments&post=33245"}],"version-history":[{"count":1,"href":"https:\/\/solidaridadnews.com\/index.php?rest_route=\/wp\/v2\/posts\/33245\/revisions"}],"predecessor-version":[{"id":33246,"href":"https:\/\/solidaridadnews.com\/index.php?rest_route=\/wp\/v2\/posts\/33245\/revisions\/33246"}],"wp:featuredmedia":[{"embeddable":true,"href":"https:\/\/solidaridadnews.com\/index.php?rest_route=\/wp\/v2\/media\/33247"}],"wp:attachment":[{"href":"https:\/\/solidaridadnews.com\/index.php?rest_route=%2Fwp%2Fv2%2Fmedia&parent=33245"}],"wp:term":[{"taxonomy":"category","embeddable":true,"href":"https:\/\/solidaridadnews.com\/index.php?rest_route=%2Fwp%2Fv2%2Fcategories&post=33245"},{"taxonomy":"post_tag","embeddable":true,"href":"https:\/\/solidaridadnews.com\/index.php?rest_route=%2Fwp%2Fv2%2Ftags&post=33245"}],"curies":[{"name":"wp","href":"https:\/\/api.w.org\/{rel}","templated":true}]}}