{"id":33239,"date":"2024-05-11T23:55:00","date_gmt":"2024-05-12T04:55:00","guid":{"rendered":"https:\/\/solidaridadnews.com\/?p=33239"},"modified":"2024-05-12T04:55:11","modified_gmt":"2024-05-12T04:55:11","slug":"andre-jardine-tras-clasificar-con-america-a-semis-lo-merecimos-desde-el-minuto-uno","status":"publish","type":"post","link":"https:\/\/solidaridadnews.com\/?p=33239","title":{"rendered":"Andr\u00e9 Jardine tras clasificar con Am\u00e9rica a Semis: \u00abLo merecimos desde el minuto uno\u00bb"},"content":{"rendered":"<p>Fortaleza emocional. La manera en la que Am\u00e9rica consigui\u00f3 su pase a la siguiente ronda tuvo que ver por el tema emocional, as\u00ed lo manifest\u00f3 el t\u00e9cnico de las \u00c1guilas Andr\u00e9 Jardine.<\/p>\n<p>\u201cEl mayor aprendizaje se habla sobre esto, hay que sentir, hay que pelear al \u00faltimo segundo, hablamos toda la semana sobre esto, iba a ser un partido duro, pero mentalmente somos fuertes, antes de resultado, fue el merecimiento, lo merecimos desde el minuto uno, ah\u00ed sales con el alama lavada, con el coraz\u00f3n lleno de esperanza y que est\u00e1s por el camino correcto\u201d, afirm\u00f3 el brasile\u00f1o.<\/p>\n<p>Respecto a la no convocatoria de Henry Mart\u00edn, el estratega confirm\u00f3 que con su trabajo estar\u00e1 de vuelta en el Tri.<\/p>\n<p>\u201cEst\u00e1 ah\u00ed, muy comprometido con los objetivos, claro que tiene los objetivos de selecci\u00f3n, es una etapa, los entrenadores quieren seguir, esperemos que est\u00e9 bien aqu\u00ed y volver a la selecci\u00f3n, \u00e9l es muy fuerte, es un ejemplo de jugador, profesional, siempre muy comprometido, nos ayuda con los m\u00e1s j\u00f3venes, compromete a todos a a\u00fan de esta forma, es grande la noticia para el americanismo y tenerlo tres a\u00f1os seguidos\u201d, coment\u00f3 Andr\u00e9 Jardine.<\/p>\n<p>&nbsp;<\/p>\n","protected":false},"excerpt":{"rendered":"<p>Fortaleza emocional. La manera en la que Am\u00e9rica consigui\u00f3 su pase a la siguiente ronda tuvo que ver por el tema emocional, as\u00ed lo manifest\u00f3 el t\u00e9cnico de las \u00c1guilas Andr\u00e9 Jardine. \u201cEl mayor aprendizaje se habla sobre esto, hay que sentir, hay que pelear al \u00faltimo segundo, hablamos toda la semana sobre esto, iba [&hellip;]<\/p>\n","protected":false},"author":1,"featured_media":33241,"comment_status":"open","ping_status":"closed","sticky":false,"template":"","format":"standard","meta":{"footnotes":""},"categories":[6],"tags":[],"class_list":["post-33239","post","type-post","status-publish","format-standard","has-post-thumbnail","hentry","category-deportes"],"_links":{"self":[{"href":"https:\/\/solidaridadnews.com\/index.php?rest_route=\/wp\/v2\/posts\/33239","targetHints":{"allow":["GET"]}}],"collection":[{"href":"https:\/\/solidaridadnews.com\/index.php?rest_route=\/wp\/v2\/posts"}],"about":[{"href":"https:\/\/solidaridadnews.com\/index.php?rest_route=\/wp\/v2\/types\/post"}],"author":[{"embeddable":true,"href":"https:\/\/solidaridadnews.com\/index.php?rest_route=\/wp\/v2\/users\/1"}],"replies":[{"embeddable":true,"href":"https:\/\/solidaridadnews.com\/index.php?rest_route=%2Fwp%2Fv2%2Fcomments&post=33239"}],"version-history":[{"count":1,"href":"https:\/\/solidaridadnews.com\/index.php?rest_route=\/wp\/v2\/posts\/33239\/revisions"}],"predecessor-version":[{"id":33240,"href":"https:\/\/solidaridadnews.com\/index.php?rest_route=\/wp\/v2\/posts\/33239\/revisions\/33240"}],"wp:featuredmedia":[{"embeddable":true,"href":"https:\/\/solidaridadnews.com\/index.php?rest_route=\/wp\/v2\/media\/33241"}],"wp:attachment":[{"href":"https:\/\/solidaridadnews.com\/index.php?rest_route=%2Fwp%2Fv2%2Fmedia&parent=33239"}],"wp:term":[{"taxonomy":"category","embeddable":true,"href":"https:\/\/solidaridadnews.com\/index.php?rest_route=%2Fwp%2Fv2%2Fcategories&post=33239"},{"taxonomy":"post_tag","embeddable":true,"href":"https:\/\/solidaridadnews.com\/index.php?rest_route=%2Fwp%2Fv2%2Ftags&post=33239"}],"curies":[{"name":"wp","href":"https:\/\/api.w.org\/{rel}","templated":true}]}}