{"id":33225,"date":"2024-05-03T22:00:38","date_gmt":"2024-05-04T03:00:38","guid":{"rendered":"https:\/\/solidaridadnews.com\/?p=33225"},"modified":"2024-05-10T17:13:51","modified_gmt":"2024-05-10T17:13:51","slug":"ocupacion-hotelera-se-mantiene-al-80-por-ciento","status":"publish","type":"post","link":"https:\/\/solidaridadnews.com\/?p=33225","title":{"rendered":"Ocupaci\u00f3n hotelera se mantiene al 80 por ciento"},"content":{"rendered":"<p>Durante esta temporada baja que precede a la temporada alta de verano, el sector hotelero ha resentido un baj\u00f3n en sus ocupaciones, pero se mantiene con porcentajes aceptables, as\u00ed lo dio a conocer Roc\u00edo Ocampo Colmenares, directora de Operaciones y Capacitaci\u00f3n Tur\u00edstica de Solidaridad.<\/p>\n<p>La funcionaria indic\u00f3 que, en el arranque del mes de mayo, ya se resinti\u00f3 una baja, sin embargo, los n\u00fameros son positivos porque la temporada baja mantiene promedios de ocupaci\u00f3n arriba del 80%.<\/p>\n<blockquote class=\"wp-block-quote is-layout-flow wp-block-quote-is-layout-flow\"><p>\n\u201cCon respecto a la ocupaci\u00f3n, como que dio un baj\u00f3n porque est\u00e1bamos entre el 85% el 87% y ahora estamos entre un 83% y un 85% en todo lo que es Playa del Carmen y la parte que nos corresponde de la Riviera Maya\u201d, apunt\u00f3.<\/p><\/blockquote>\n<p>Por otro lado, inform\u00f3 que se estar\u00e1n reforzando las estrategias de promoci\u00f3n tur\u00edstica, a la vez que se realizan actividades tradicionales que generan buena derrama para la econom\u00eda local.<\/p>\n<p>\u201d Una de las cosas que hemos estado manejando, sobre todo en las ferias, como en la que acabamos de tener en el Tianguis Tur\u00edstico, es promover nuestras fiestas que van a ser en julio, que son las fiestas de la Feria del Carmen, las vaquer\u00edas, entre otras cosas\u201d.<\/p>\n<p>Inform\u00f3 que el mes de junio se ocupa para tener acercamiento de capacitaci\u00f3n con el sector hotelero, esto para la pr\u00f3xima temporada de huracanes.<\/p>\n","protected":false},"excerpt":{"rendered":"<p>Durante esta temporada baja que precede a la temporada alta de verano, el sector hotelero ha resentido un baj\u00f3n en sus ocupaciones, pero se mantiene con porcentajes aceptables, as\u00ed lo dio a conocer Roc\u00edo Ocampo Colmenares, directora de Operaciones y Capacitaci\u00f3n Tur\u00edstica de Solidaridad. La funcionaria indic\u00f3 que, en el arranque del mes de mayo, [&hellip;]<\/p>\n","protected":false},"author":1,"featured_media":33227,"comment_status":"open","ping_status":"closed","sticky":false,"template":"","format":"standard","meta":{"footnotes":""},"categories":[4],"tags":[],"class_list":["post-33225","post","type-post","status-publish","format-standard","has-post-thumbnail","hentry","category-local"],"_links":{"self":[{"href":"https:\/\/solidaridadnews.com\/index.php?rest_route=\/wp\/v2\/posts\/33225","targetHints":{"allow":["GET"]}}],"collection":[{"href":"https:\/\/solidaridadnews.com\/index.php?rest_route=\/wp\/v2\/posts"}],"about":[{"href":"https:\/\/solidaridadnews.com\/index.php?rest_route=\/wp\/v2\/types\/post"}],"author":[{"embeddable":true,"href":"https:\/\/solidaridadnews.com\/index.php?rest_route=\/wp\/v2\/users\/1"}],"replies":[{"embeddable":true,"href":"https:\/\/solidaridadnews.com\/index.php?rest_route=%2Fwp%2Fv2%2Fcomments&post=33225"}],"version-history":[{"count":1,"href":"https:\/\/solidaridadnews.com\/index.php?rest_route=\/wp\/v2\/posts\/33225\/revisions"}],"predecessor-version":[{"id":33226,"href":"https:\/\/solidaridadnews.com\/index.php?rest_route=\/wp\/v2\/posts\/33225\/revisions\/33226"}],"wp:featuredmedia":[{"embeddable":true,"href":"https:\/\/solidaridadnews.com\/index.php?rest_route=\/wp\/v2\/media\/33227"}],"wp:attachment":[{"href":"https:\/\/solidaridadnews.com\/index.php?rest_route=%2Fwp%2Fv2%2Fmedia&parent=33225"}],"wp:term":[{"taxonomy":"category","embeddable":true,"href":"https:\/\/solidaridadnews.com\/index.php?rest_route=%2Fwp%2Fv2%2Fcategories&post=33225"},{"taxonomy":"post_tag","embeddable":true,"href":"https:\/\/solidaridadnews.com\/index.php?rest_route=%2Fwp%2Fv2%2Ftags&post=33225"}],"curies":[{"name":"wp","href":"https:\/\/api.w.org\/{rel}","templated":true}]}}