{"id":33222,"date":"2024-05-02T23:00:43","date_gmt":"2024-05-03T04:00:43","guid":{"rendered":"https:\/\/solidaridadnews.com\/?p=33222"},"modified":"2024-05-10T17:07:58","modified_gmt":"2024-05-10T17:07:58","slug":"exigen-clinica-del-issste","status":"publish","type":"post","link":"https:\/\/solidaridadnews.com\/?p=33222","title":{"rendered":"Exigen cl\u00ednica del ISSSTE"},"content":{"rendered":"<p>Una de las demandas que tuvo mayor resonancia durante el desfile por motivo del D\u00eda del Trabajo por parte de los trabajadores de Solidaridad, fue la creaci\u00f3n de una cl\u00ednica del ISSSTE en la localidad, as\u00ed lo dio a conocer el secretario general del Ayuntamiento, Cecilio Puc Sansores.<\/p>\n<p>\u201cFueron muy puntuales, el respeto a las condiciones laborales existentes, una de ellas que se respeten las ocho horas de trabajo, otra que pudimos ver en las mantas que tra\u00edan es que se respeten sus afores, y una muy importante que creo podemos trabajar con los 3 niveles de gobierno, es que en Solidaridad exista una cl\u00ednica del ISSSTE; causa a la cual tambi\u00e9n nos unimos como Gobierno Municipal\u201d.<\/p>\n<p>Dijo que para que la cl\u00ednica se cristalice es necesaria la coordinaci\u00f3n con los otros niveles de gobierno.<br \/>\nSe\u00f1al\u00f3 que en el desfile hubo una gran participaci\u00f3n que super\u00f3 incluso la expectativa que se ten\u00eda en este sentido.<\/p>\n<p>\u201cFueron 17 contingentes, ten\u00edamos un r\u00e9cord de las personas que se hab\u00edan inscrito y eran mil 400, sin embargo, por la ma\u00f1ana los grupos manifestaron su inter\u00e9s de participar, se incluyeron y participaron 2 mil personas\u201d.<\/p>\n<p>\u201cPodemos buscar una v\u00eda y es el de buscar un espacio donde se construya f\u00edsicamente este hospital, sin embargo, tambi\u00e9n es un tema estatal y federal, los presupuestos tendr\u00e1n que venir en parte de la Federaci\u00f3n\u201d.<\/p>\n","protected":false},"excerpt":{"rendered":"<p>Una de las demandas que tuvo mayor resonancia durante el desfile por motivo del D\u00eda del Trabajo por parte de los trabajadores de Solidaridad, fue la creaci\u00f3n de una cl\u00ednica del ISSSTE en la localidad, as\u00ed lo dio a conocer el secretario general del Ayuntamiento, Cecilio Puc Sansores. \u201cFueron muy puntuales, el respeto a las [&hellip;]<\/p>\n","protected":false},"author":1,"featured_media":33224,"comment_status":"open","ping_status":"closed","sticky":false,"template":"","format":"standard","meta":{"footnotes":""},"categories":[4],"tags":[],"class_list":["post-33222","post","type-post","status-publish","format-standard","has-post-thumbnail","hentry","category-local"],"_links":{"self":[{"href":"https:\/\/solidaridadnews.com\/index.php?rest_route=\/wp\/v2\/posts\/33222","targetHints":{"allow":["GET"]}}],"collection":[{"href":"https:\/\/solidaridadnews.com\/index.php?rest_route=\/wp\/v2\/posts"}],"about":[{"href":"https:\/\/solidaridadnews.com\/index.php?rest_route=\/wp\/v2\/types\/post"}],"author":[{"embeddable":true,"href":"https:\/\/solidaridadnews.com\/index.php?rest_route=\/wp\/v2\/users\/1"}],"replies":[{"embeddable":true,"href":"https:\/\/solidaridadnews.com\/index.php?rest_route=%2Fwp%2Fv2%2Fcomments&post=33222"}],"version-history":[{"count":1,"href":"https:\/\/solidaridadnews.com\/index.php?rest_route=\/wp\/v2\/posts\/33222\/revisions"}],"predecessor-version":[{"id":33223,"href":"https:\/\/solidaridadnews.com\/index.php?rest_route=\/wp\/v2\/posts\/33222\/revisions\/33223"}],"wp:featuredmedia":[{"embeddable":true,"href":"https:\/\/solidaridadnews.com\/index.php?rest_route=\/wp\/v2\/media\/33224"}],"wp:attachment":[{"href":"https:\/\/solidaridadnews.com\/index.php?rest_route=%2Fwp%2Fv2%2Fmedia&parent=33222"}],"wp:term":[{"taxonomy":"category","embeddable":true,"href":"https:\/\/solidaridadnews.com\/index.php?rest_route=%2Fwp%2Fv2%2Fcategories&post=33222"},{"taxonomy":"post_tag","embeddable":true,"href":"https:\/\/solidaridadnews.com\/index.php?rest_route=%2Fwp%2Fv2%2Ftags&post=33222"}],"curies":[{"name":"wp","href":"https:\/\/api.w.org\/{rel}","templated":true}]}}