{"id":33210,"date":"2024-05-10T09:29:06","date_gmt":"2024-05-10T14:29:06","guid":{"rendered":"https:\/\/solidaridadnews.com\/?p=33210"},"modified":"2024-05-10T14:29:08","modified_gmt":"2024-05-10T14:29:08","slug":"comercio-minorista-se-desploma-en-guerrero-y-estados-de-la-frontera-norte","status":"publish","type":"post","link":"https:\/\/solidaridadnews.com\/?p=33210","title":{"rendered":"Comercio minorista se desploma en Guerrero y estados de la frontera norte"},"content":{"rendered":"<p>Durante el primer bimestre del a\u00f1o, Guerrero y estados de la frontera norte registraron ca\u00eddas en el comercio minorista, principal indicador del consumo de los hogares.<\/p>\n<p>Los efectos negativos del hurac\u00e1n Otis persisten sobre el sector econ\u00f3mico terciario de Guerrero, pues el comercio registr\u00f3 una ca\u00edda de 21.1% durante los dos primeros meses del 2024 en comparaci\u00f3n con el mismo periodo del a\u00f1o anterior, de acuerdo con el Instituto Nacional de Estad\u00edstica y Geograf\u00eda (Inegi).<\/p>\n<p>La Encuesta Mensual sobre Empresas Comerciales (EMEC) refiere que Guerrero fue el \u00fanico estado con una ca\u00edda a doble d\u00edgito; al respecto, Alejandro Mart\u00ednez Sidney, presidente de la C\u00e1mara Nacional de Comercio, Servicios y Turismo (Canaco Servytur) de Acapulco, se\u00f1al\u00f3 una relaci\u00f3n directa con el paso del hurac\u00e1n, en octubre del a\u00f1o pasado.<\/p>\n<p>\u201cEste fen\u00f3meno natural devast\u00f3 la econom\u00eda local y afect\u00f3 gravemente a los comercios, que sufrieron tanto los efectos directos del hurac\u00e1n como los saqueos posteriores\u201d, acot\u00f3.<\/p>\n<p>El empresario expuso a El Economista que cerca de 38% de las empresas acapulque\u00f1as no ha logrado regresar a la normalidad debido a las m\u00faltiples dificultades que enfrentan.<\/p>\n<p>La c\u00e1mara prev\u00e9 que un n\u00famero significativo de estas empresas no concluyan los esfuerzos de reconstrucci\u00f3n este a\u00f1o, especialmente en el sector hotelero de alta gama, que a\u00fan se encuentra en proceso de remodelaci\u00f3n tras sufrir graves da\u00f1os.<\/p>\n<p>Record\u00f3 que la econom\u00eda derivada de las segundas residencias, especialmente en zonas como Diamante, ha sido severamente afectada, lo que ha repercutido negativamente en el comercio, los servicios y el turismo local.<\/p>\n<p>Cadena de suministros<br \/>\nEn concordancia, Octavio de la Torre St\u00e9ffano, presidente de la Confederaci\u00f3n de C\u00e1maras Nacionales de Comercio, Servicios y Turismo (Concanaco Servytur), destac\u00f3 la necesidad de fortalecer las cadenas de suministro y abastecimiento en el puerto de Acapulco de Ju\u00e1rez.<\/p>\n<p>\u201cLos efectos devastadores del hurac\u00e1n generaron desaf\u00edos en la disponibilidad de materiales necesarios para la reconstrucci\u00f3n, lo que ha influido en la din\u00e1mica de oferta y demanda, tanto de productos como de servicios\u201d, dijo en entrevista.<\/p>\n<p>A pesar de los esfuerzos para facilitar la recuperaci\u00f3n econ\u00f3mica en la regi\u00f3n, la Iniciativa Privada se enfrenta a largos tiempos en la llegada de materiales y a la alta demanda de mano de obra.<\/p>\n<p>\u201cA\u00fan falta mucho por levantar, la reconstrucci\u00f3n requiere de la presencia permanente del gobierno federal y estatal para poder establecer mecanismos e incentivos que ayuden a la recuperaci\u00f3n al 100% de Acapulco\u201d, puntualiz\u00f3 Mart\u00ednez Sidney.<\/p>\n<p>El impacto del tipo de cambio<br \/>\nDespu\u00e9s de Guerrero, otras cinco entidades registraron una ca\u00edda en el comercio minorista: Estado de M\u00e9xico (-1.8%), Sonora (-1.5%), Tamaulipas (-0.7%) y Coahuila (-0.2%), siendo estos \u00faltimos los que comparten frontera con Estados Unidos.<\/p>\n<p>Al cuestionar las posibles causas, el analista financiero Kristobal Mel\u00e9ndez explic\u00f3 que esta disminuci\u00f3n se atribuye al incremento de las importaciones, influenciado por un tipo de cambio m\u00e1s favorable.<\/p>\n<p>En el contexto de la apreciaci\u00f3n del peso, este fen\u00f3meno ha provocado que los productos importados sean m\u00e1s atractivos en t\u00e9rminos de costos respecto a los productos nacionales, lo que genera un impacto negativo en la econom\u00eda local de estos estados; se suma que son econom\u00edas dolarizadas, por lo que tiene menos poder de compra el billete verde.<\/p>\n<p>Al alza<br \/>\nPor otro lado, estados del Baj\u00edo destacaron por las mayores alzas: Aguascalientes (5.1%) y Quer\u00e9taro (4.9%), los cuales viven la tendencia de relocalizaci\u00f3n de empresas y adem\u00e1s \u201cdependen menos del comercio exterior\u201d, que sugiere que su crecimiento econ\u00f3mico no est\u00e1 tan ligado a factores externos como el comercio internacional, lo que podr\u00eda explicar su s\u00f3lido desempe\u00f1o econ\u00f3mico en el contexto actual.<\/p>\n<p>Hidalgo fue el estado que registr\u00f3 la mayor variaci\u00f3n anual en comercio minorista durante el primer bimestre del a\u00f1o, de 6.3%, aunque el tama\u00f1o de su econom\u00eda es menor. En tanto, la Ciudad de M\u00e9xico, que es la econom\u00eda m\u00e1s grande del pa\u00eds, \u00fanicamente mostr\u00f3 un crecimiento de 0.5 por ciento.<\/p>\n","protected":false},"excerpt":{"rendered":"<p>Durante el primer bimestre del a\u00f1o, Guerrero y estados de la frontera norte registraron ca\u00eddas en el comercio minorista, principal indicador del consumo de los hogares. Los efectos negativos del hurac\u00e1n Otis persisten sobre el sector econ\u00f3mico terciario de Guerrero, pues el comercio registr\u00f3 una ca\u00edda de 21.1% durante los dos primeros meses del 2024 [&hellip;]<\/p>\n","protected":false},"author":1,"featured_media":33212,"comment_status":"open","ping_status":"closed","sticky":false,"template":"","format":"standard","meta":{"footnotes":""},"categories":[2],"tags":[],"class_list":["post-33210","post","type-post","status-publish","format-standard","has-post-thumbnail","hentry","category-nacional"],"_links":{"self":[{"href":"https:\/\/solidaridadnews.com\/index.php?rest_route=\/wp\/v2\/posts\/33210","targetHints":{"allow":["GET"]}}],"collection":[{"href":"https:\/\/solidaridadnews.com\/index.php?rest_route=\/wp\/v2\/posts"}],"about":[{"href":"https:\/\/solidaridadnews.com\/index.php?rest_route=\/wp\/v2\/types\/post"}],"author":[{"embeddable":true,"href":"https:\/\/solidaridadnews.com\/index.php?rest_route=\/wp\/v2\/users\/1"}],"replies":[{"embeddable":true,"href":"https:\/\/solidaridadnews.com\/index.php?rest_route=%2Fwp%2Fv2%2Fcomments&post=33210"}],"version-history":[{"count":1,"href":"https:\/\/solidaridadnews.com\/index.php?rest_route=\/wp\/v2\/posts\/33210\/revisions"}],"predecessor-version":[{"id":33211,"href":"https:\/\/solidaridadnews.com\/index.php?rest_route=\/wp\/v2\/posts\/33210\/revisions\/33211"}],"wp:featuredmedia":[{"embeddable":true,"href":"https:\/\/solidaridadnews.com\/index.php?rest_route=\/wp\/v2\/media\/33212"}],"wp:attachment":[{"href":"https:\/\/solidaridadnews.com\/index.php?rest_route=%2Fwp%2Fv2%2Fmedia&parent=33210"}],"wp:term":[{"taxonomy":"category","embeddable":true,"href":"https:\/\/solidaridadnews.com\/index.php?rest_route=%2Fwp%2Fv2%2Fcategories&post=33210"},{"taxonomy":"post_tag","embeddable":true,"href":"https:\/\/solidaridadnews.com\/index.php?rest_route=%2Fwp%2Fv2%2Ftags&post=33210"}],"curies":[{"name":"wp","href":"https:\/\/api.w.org\/{rel}","templated":true}]}}