{"id":33184,"date":"2024-05-08T11:56:35","date_gmt":"2024-05-08T16:56:35","guid":{"rendered":"https:\/\/solidaridadnews.com\/?p=33184"},"modified":"2024-05-08T16:56:36","modified_gmt":"2024-05-08T16:56:36","slug":"asesinan-a-mujer-afuera-de-terminal-foranea-de-playa-del-carmen","status":"publish","type":"post","link":"https:\/\/solidaridadnews.com\/?p=33184","title":{"rendered":"Asesinan a mujer afuera de terminal for\u00e1nea de Playa del Carmen"},"content":{"rendered":"<p>PLAYA DEL CARMEN.- Esta ma\u00f1ana, una mujer fue asesinada con arma de fuego cuando se encontraba afuera de la terminal for\u00e1nea de vanes del<strong>\u00a0sindicato \u201cL\u00e1zaro C\u00e1rdenas del R\u00edo\u201d, ubicada en avenida primera Sur, entre la calle 40 y 45 de esta ciudad.<\/strong><\/p>\n<p>Los hechos ocurrieron alrededor de las 5:30 de la ma\u00f1ana, cuando la v\u00edctima, que al parecer se vend\u00eda caf\u00e9 afuera de la terminal, recibi\u00f3 un impacto de bala, quedando herida en el lugar.<\/p>\n<p>Minutos m\u00e1s tarde arribaron elementos de la polic\u00eda, quienes encontraron a la mujer lesionada, por lo que pidieron al apoyo de los param\u00e9dicos y acordonaron la zona.<\/p>\n<p>Al arribar al lugar, los cuerpos de emergencia confirmaron que ella ya no contaba con signos vitales, por lo que se pidi\u00f3 la presencia de los peritos de la Fiscal\u00eda para hacerse cargo de las diligencias y al traslado del cuerpo al Servicio M\u00e9dico Forense (Semefo).<\/p>\n<p>Hasta el momento se desconocen las causas del ataque contra esta mujer que, seg\u00fan personas de la zona,<strong>\u00a0acud\u00eda diariamente a ese lugar para trabajar en la v\u00eda p\u00fablica.<\/strong><\/p>\n","protected":false},"excerpt":{"rendered":"<p>PLAYA DEL CARMEN.- Esta ma\u00f1ana, una mujer fue asesinada con arma de fuego cuando se encontraba afuera de la terminal for\u00e1nea de vanes del\u00a0sindicato \u201cL\u00e1zaro C\u00e1rdenas del R\u00edo\u201d, ubicada en avenida primera Sur, entre la calle 40 y 45 de esta ciudad. Los hechos ocurrieron alrededor de las 5:30 de la ma\u00f1ana, cuando la v\u00edctima, [&hellip;]<\/p>\n","protected":false},"author":1,"featured_media":33186,"comment_status":"open","ping_status":"closed","sticky":false,"template":"","format":"standard","meta":{"footnotes":""},"categories":[4],"tags":[],"class_list":["post-33184","post","type-post","status-publish","format-standard","has-post-thumbnail","hentry","category-local"],"_links":{"self":[{"href":"https:\/\/solidaridadnews.com\/index.php?rest_route=\/wp\/v2\/posts\/33184","targetHints":{"allow":["GET"]}}],"collection":[{"href":"https:\/\/solidaridadnews.com\/index.php?rest_route=\/wp\/v2\/posts"}],"about":[{"href":"https:\/\/solidaridadnews.com\/index.php?rest_route=\/wp\/v2\/types\/post"}],"author":[{"embeddable":true,"href":"https:\/\/solidaridadnews.com\/index.php?rest_route=\/wp\/v2\/users\/1"}],"replies":[{"embeddable":true,"href":"https:\/\/solidaridadnews.com\/index.php?rest_route=%2Fwp%2Fv2%2Fcomments&post=33184"}],"version-history":[{"count":1,"href":"https:\/\/solidaridadnews.com\/index.php?rest_route=\/wp\/v2\/posts\/33184\/revisions"}],"predecessor-version":[{"id":33185,"href":"https:\/\/solidaridadnews.com\/index.php?rest_route=\/wp\/v2\/posts\/33184\/revisions\/33185"}],"wp:featuredmedia":[{"embeddable":true,"href":"https:\/\/solidaridadnews.com\/index.php?rest_route=\/wp\/v2\/media\/33186"}],"wp:attachment":[{"href":"https:\/\/solidaridadnews.com\/index.php?rest_route=%2Fwp%2Fv2%2Fmedia&parent=33184"}],"wp:term":[{"taxonomy":"category","embeddable":true,"href":"https:\/\/solidaridadnews.com\/index.php?rest_route=%2Fwp%2Fv2%2Fcategories&post=33184"},{"taxonomy":"post_tag","embeddable":true,"href":"https:\/\/solidaridadnews.com\/index.php?rest_route=%2Fwp%2Fv2%2Ftags&post=33184"}],"curies":[{"name":"wp","href":"https:\/\/api.w.org\/{rel}","templated":true}]}}