{"id":33173,"date":"2024-05-08T11:19:19","date_gmt":"2024-05-08T16:19:19","guid":{"rendered":"https:\/\/solidaridadnews.com\/?p=33173"},"modified":"2024-05-08T16:19:20","modified_gmt":"2024-05-08T16:19:20","slug":"francia-inicia-periodo-de-fuerte-seguridad-de-cara-a-los-juegos-olimpicos-de-paris-2024","status":"publish","type":"post","link":"https:\/\/solidaridadnews.com\/?p=33173","title":{"rendered":"Francia inicia periodo de fuerte seguridad de cara a los Juegos Ol\u00edmpicos de Par\u00eds 2024"},"content":{"rendered":"<p>La llama ol\u00edmpica lleg\u00f3 este mi\u00e9rcoles a Marsella y con ello Francia comenz\u00f3 un periodo de fuerte seguridad, ante la posibilidad de un ataque o amenza de cara a los Juegos Ol\u00edmpicos Par\u00eds 2024, cuya ceremonia de apertura ser\u00e1 el 26 de julio.<\/p>\n<p>\u00abDel 8 de mayo al 10 de septiembre, no hay vuelta atr\u00e1s\u00bb, se\u00f1al\u00f3 un alto cargo del ministerio del Interior, que sostiene reuniones casi diarias de cara a la justa ol\u00edmpica. La primera parte de este desaf\u00edo fue la llegada de la llama ol\u00edmpica en el velero Belem, con un dispositivo de seis mil miembros de las fuerzas del orden.<\/p>\n<p>Nunca se hab\u00eda visto un dispositivo de seguridad tan grande en Marsella, asegur\u00f3 el alcalde Beno\u00eet Payan. Ahora la llama emprender\u00e1 un camino de 12 mil kil\u00f3metros que le llevar\u00e1 por m\u00e1s de 400 localidades del pa\u00eds antes de llegar a Par\u00eds; los miembros de Gendarmer\u00eda estar\u00e1 en proximidad de la llama en todo momento, explic\u00f3 el ministro del Interior G\u00e9rald Darmanin.<\/p>\n<p>Ser\u00e1n 115 polic\u00edas y gendarmes los que proteger\u00e1n la llama en todo su recorrido, a los que se les a\u00f1adir\u00e1 un centenar de fuerzas m\u00f3viles. Todo esto con miras a prevenir un ataque terrorista, como en 2008, cuando el paso de la llama por la capital francesa, previo a los Juegos de Pek\u00edn, hubo manifestantes que denunciaban la pol\u00edtica de China en T\u00edbet; por esta raz\u00f3n el recorrido se tuvo que detener.<\/p>\n","protected":false},"excerpt":{"rendered":"<p>La llama ol\u00edmpica lleg\u00f3 este mi\u00e9rcoles a Marsella y con ello Francia comenz\u00f3 un periodo de fuerte seguridad, ante la posibilidad de un ataque o amenza de cara a los Juegos Ol\u00edmpicos Par\u00eds 2024, cuya ceremonia de apertura ser\u00e1 el 26 de julio. \u00abDel 8 de mayo al 10 de septiembre, no hay vuelta atr\u00e1s\u00bb, [&hellip;]<\/p>\n","protected":false},"author":1,"featured_media":33175,"comment_status":"open","ping_status":"closed","sticky":false,"template":"","format":"standard","meta":{"footnotes":""},"categories":[6],"tags":[],"class_list":["post-33173","post","type-post","status-publish","format-standard","has-post-thumbnail","hentry","category-deportes"],"_links":{"self":[{"href":"https:\/\/solidaridadnews.com\/index.php?rest_route=\/wp\/v2\/posts\/33173","targetHints":{"allow":["GET"]}}],"collection":[{"href":"https:\/\/solidaridadnews.com\/index.php?rest_route=\/wp\/v2\/posts"}],"about":[{"href":"https:\/\/solidaridadnews.com\/index.php?rest_route=\/wp\/v2\/types\/post"}],"author":[{"embeddable":true,"href":"https:\/\/solidaridadnews.com\/index.php?rest_route=\/wp\/v2\/users\/1"}],"replies":[{"embeddable":true,"href":"https:\/\/solidaridadnews.com\/index.php?rest_route=%2Fwp%2Fv2%2Fcomments&post=33173"}],"version-history":[{"count":1,"href":"https:\/\/solidaridadnews.com\/index.php?rest_route=\/wp\/v2\/posts\/33173\/revisions"}],"predecessor-version":[{"id":33174,"href":"https:\/\/solidaridadnews.com\/index.php?rest_route=\/wp\/v2\/posts\/33173\/revisions\/33174"}],"wp:featuredmedia":[{"embeddable":true,"href":"https:\/\/solidaridadnews.com\/index.php?rest_route=\/wp\/v2\/media\/33175"}],"wp:attachment":[{"href":"https:\/\/solidaridadnews.com\/index.php?rest_route=%2Fwp%2Fv2%2Fmedia&parent=33173"}],"wp:term":[{"taxonomy":"category","embeddable":true,"href":"https:\/\/solidaridadnews.com\/index.php?rest_route=%2Fwp%2Fv2%2Fcategories&post=33173"},{"taxonomy":"post_tag","embeddable":true,"href":"https:\/\/solidaridadnews.com\/index.php?rest_route=%2Fwp%2Fv2%2Ftags&post=33173"}],"curies":[{"name":"wp","href":"https:\/\/api.w.org\/{rel}","templated":true}]}}