{"id":33164,"date":"2024-05-07T12:09:36","date_gmt":"2024-05-07T17:09:36","guid":{"rendered":"https:\/\/solidaridadnews.com\/?p=33164"},"modified":"2024-05-07T17:09:37","modified_gmt":"2024-05-07T17:09:37","slug":"esperan-negocios-del-centro-de-playa-del-carmen-repunte-de-85-en-ventas-por-dia-de-las-madres","status":"publish","type":"post","link":"https:\/\/solidaridadnews.com\/?p=33164","title":{"rendered":"Esperan negocios del centro de Playa del Carmen repunte de 85% en ventas, por D\u00eda de las Madres"},"content":{"rendered":"<p>Comercios de la zona centro de la ciudad esperan un incremento de entre el 80 y 85% en sus ventas durante la celebraci\u00f3n por el D\u00eda de las Madres, inform\u00f3 \u00c1lvaro Sol\u00eds Haje, representante de los comerciantes del centro de Playa del Carmen.<\/p>\n<p>En breve entrevista, el l\u00edder de los comerciantes indic\u00f3 que el repunte ser\u00e1 normal, similar al a\u00f1o pasado, en comercios muy espec\u00edficos, por un par de d\u00edas.<br \/>\nLo anterior, debido a que, como la ciudad est\u00e1 todav\u00eda en formaci\u00f3n, la gran parte de la clase media, quien consumen m\u00e1s durante estos festejos, tiene a sus madres fuera de la ciudad.<\/p>\n<p>&nbsp;<\/p>\n<p>Por \u00faltimo, manifest\u00f3 que debido a que se anticip\u00f3 la Semana Santa, la temporada baja se alarg\u00f3 para ellos, adem\u00e1s de que la inflaci\u00f3n est\u00e1 pegando en los bolsillos de los consumidores, por lo que esperan recuperar un poco sus ventas con los festejos del 10 de Mayo.<\/p>\n","protected":false},"excerpt":{"rendered":"<p>Comercios de la zona centro de la ciudad esperan un incremento de entre el 80 y 85% en sus ventas durante la celebraci\u00f3n por el D\u00eda de las Madres, inform\u00f3 \u00c1lvaro Sol\u00eds Haje, representante de los comerciantes del centro de Playa del Carmen. En breve entrevista, el l\u00edder de los comerciantes indic\u00f3 que el repunte [&hellip;]<\/p>\n","protected":false},"author":1,"featured_media":33166,"comment_status":"open","ping_status":"closed","sticky":false,"template":"","format":"standard","meta":{"footnotes":""},"categories":[4],"tags":[],"class_list":["post-33164","post","type-post","status-publish","format-standard","has-post-thumbnail","hentry","category-local"],"_links":{"self":[{"href":"https:\/\/solidaridadnews.com\/index.php?rest_route=\/wp\/v2\/posts\/33164","targetHints":{"allow":["GET"]}}],"collection":[{"href":"https:\/\/solidaridadnews.com\/index.php?rest_route=\/wp\/v2\/posts"}],"about":[{"href":"https:\/\/solidaridadnews.com\/index.php?rest_route=\/wp\/v2\/types\/post"}],"author":[{"embeddable":true,"href":"https:\/\/solidaridadnews.com\/index.php?rest_route=\/wp\/v2\/users\/1"}],"replies":[{"embeddable":true,"href":"https:\/\/solidaridadnews.com\/index.php?rest_route=%2Fwp%2Fv2%2Fcomments&post=33164"}],"version-history":[{"count":1,"href":"https:\/\/solidaridadnews.com\/index.php?rest_route=\/wp\/v2\/posts\/33164\/revisions"}],"predecessor-version":[{"id":33165,"href":"https:\/\/solidaridadnews.com\/index.php?rest_route=\/wp\/v2\/posts\/33164\/revisions\/33165"}],"wp:featuredmedia":[{"embeddable":true,"href":"https:\/\/solidaridadnews.com\/index.php?rest_route=\/wp\/v2\/media\/33166"}],"wp:attachment":[{"href":"https:\/\/solidaridadnews.com\/index.php?rest_route=%2Fwp%2Fv2%2Fmedia&parent=33164"}],"wp:term":[{"taxonomy":"category","embeddable":true,"href":"https:\/\/solidaridadnews.com\/index.php?rest_route=%2Fwp%2Fv2%2Fcategories&post=33164"},{"taxonomy":"post_tag","embeddable":true,"href":"https:\/\/solidaridadnews.com\/index.php?rest_route=%2Fwp%2Fv2%2Ftags&post=33164"}],"curies":[{"name":"wp","href":"https:\/\/api.w.org\/{rel}","templated":true}]}}