{"id":33152,"date":"2024-05-06T17:45:26","date_gmt":"2024-05-06T22:45:26","guid":{"rendered":"https:\/\/solidaridadnews.com\/?p=33152"},"modified":"2024-05-06T22:45:27","modified_gmt":"2024-05-06T22:45:27","slug":"angelica-maria-angelica-vale-y-su-hija-cantan-juntas-eddy-eddy","status":"publish","type":"post","link":"https:\/\/solidaridadnews.com\/?p=33152","title":{"rendered":"Ang\u00e9lica Mar\u00eda, Ang\u00e9lica Vale y su hija cantan juntas &#8216;Eddy Eddy&#8217;"},"content":{"rendered":"<p>El programa Juego de Voces se convirti\u00f3 en el escenario perfecto para un encuentro musical lleno de talento y emociones, donde tres generaciones de la reconocida familia de artistas Ang\u00e9lica Mar\u00eda y Ang\u00e9lica Vale brillaron juntas. Adem\u00e1s, la presencia de la peque\u00f1a Ang\u00e9lica Masiel a\u00f1adi\u00f3 un toque especial a la presentaci\u00f3n.<\/p>\n<p>Ang\u00e9lica Mar\u00eda, Ang\u00e9lica Vale y Ang\u00e9lica Masiel se unieron para interpretar el cl\u00e1sico del rock and roll Eddy Eddy, dejando maravillados a los espectadores con su potencia vocal y su innegable conexi\u00f3n en el escenario.<\/p>\n<p>Te podr\u00eda interesar leer: VIDEO: Ang\u00e9lica Vale se molesta ante pregunta sobre su cambio f\u00edsico<\/p>\n<p>La sorpresa fue a\u00fan mayor al ser presentadas por Daniel, el hijo de Ang\u00e9lica Vale, quien anunci\u00f3 con orgullo la participaci\u00f3n de las talentosas mujeres de su familia.<br \/>\nEn las redes sociales, el acto de las tres cantantes r\u00e1pidamente se volvi\u00f3 viral, destacando la impresionante habilidad vocal de Ang\u00e9lica Masiel, de tan solo 12 a\u00f1os de edad. Aunque joven, la ni\u00f1a ya cuenta con experiencia en el mundo del espect\u00e1culo, habiendo debutado como actriz de teatro musical en la obra Vaselina en 2023, lo que muestra su talento multifac\u00e9tico desde una temprana edad.<\/p>\n<p>Las Ang\u00e9licas se presentar\u00e1n en el Pepsi Center WTC<br \/>\nPor otro lado, Ang\u00e9lica Mar\u00eda y Ang\u00e9lica Vale han anunciado un pr\u00f3ximo espect\u00e1culo conjunto titulado \u00abLas Ang\u00e9licas\u00bb, que se presentar\u00e1 el 9 de mayo en el Pepsi Center WTC y en otras ciudades. Aunque los detalles espec\u00edficos del show a\u00fan no se han revelado, se espera un evento lleno de m\u00fasica y energ\u00eda, aprovechando la gran voz y la notable qu\u00edmica entre madre e hija para cautivar al p\u00fablico mexicano y a todos los que asistan al evento en vivo.<\/p>\n<p>Con este emocionante encuentro musical y la anticipaci\u00f3n por el pr\u00f3ximo espect\u00e1culo de \u00abLas Ang\u00e9licas\u00bb, queda claro que la m\u00fasica y el talento art\u00edstico siguen siendo una parte fundamental de la vida de esta legendaria familia de artistas, que contin\u00faa dejando su huella en la industria del entretenimiento.<\/p>\n","protected":false},"excerpt":{"rendered":"<p>El programa Juego de Voces se convirti\u00f3 en el escenario perfecto para un encuentro musical lleno de talento y emociones, donde tres generaciones de la reconocida familia de artistas Ang\u00e9lica Mar\u00eda y Ang\u00e9lica Vale brillaron juntas. Adem\u00e1s, la presencia de la peque\u00f1a Ang\u00e9lica Masiel a\u00f1adi\u00f3 un toque especial a la presentaci\u00f3n. Ang\u00e9lica Mar\u00eda, Ang\u00e9lica Vale [&hellip;]<\/p>\n","protected":false},"author":1,"featured_media":33154,"comment_status":"open","ping_status":"closed","sticky":false,"template":"","format":"standard","meta":{"footnotes":""},"categories":[3],"tags":[],"class_list":["post-33152","post","type-post","status-publish","format-standard","has-post-thumbnail","hentry","category-espectaculos"],"_links":{"self":[{"href":"https:\/\/solidaridadnews.com\/index.php?rest_route=\/wp\/v2\/posts\/33152","targetHints":{"allow":["GET"]}}],"collection":[{"href":"https:\/\/solidaridadnews.com\/index.php?rest_route=\/wp\/v2\/posts"}],"about":[{"href":"https:\/\/solidaridadnews.com\/index.php?rest_route=\/wp\/v2\/types\/post"}],"author":[{"embeddable":true,"href":"https:\/\/solidaridadnews.com\/index.php?rest_route=\/wp\/v2\/users\/1"}],"replies":[{"embeddable":true,"href":"https:\/\/solidaridadnews.com\/index.php?rest_route=%2Fwp%2Fv2%2Fcomments&post=33152"}],"version-history":[{"count":1,"href":"https:\/\/solidaridadnews.com\/index.php?rest_route=\/wp\/v2\/posts\/33152\/revisions"}],"predecessor-version":[{"id":33153,"href":"https:\/\/solidaridadnews.com\/index.php?rest_route=\/wp\/v2\/posts\/33152\/revisions\/33153"}],"wp:featuredmedia":[{"embeddable":true,"href":"https:\/\/solidaridadnews.com\/index.php?rest_route=\/wp\/v2\/media\/33154"}],"wp:attachment":[{"href":"https:\/\/solidaridadnews.com\/index.php?rest_route=%2Fwp%2Fv2%2Fmedia&parent=33152"}],"wp:term":[{"taxonomy":"category","embeddable":true,"href":"https:\/\/solidaridadnews.com\/index.php?rest_route=%2Fwp%2Fv2%2Fcategories&post=33152"},{"taxonomy":"post_tag","embeddable":true,"href":"https:\/\/solidaridadnews.com\/index.php?rest_route=%2Fwp%2Fv2%2Ftags&post=33152"}],"curies":[{"name":"wp","href":"https:\/\/api.w.org\/{rel}","templated":true}]}}