{"id":33149,"date":"2024-05-06T17:42:34","date_gmt":"2024-05-06T22:42:34","guid":{"rendered":"https:\/\/solidaridadnews.com\/?p=33149"},"modified":"2024-05-06T22:42:35","modified_gmt":"2024-05-06T22:42:35","slug":"mavericks-extienden-su-acuerdo-con-jason-kidd","status":"publish","type":"post","link":"https:\/\/solidaridadnews.com\/?p=33149","title":{"rendered":"Mavericks extienden su acuerdo con Jason Kidd"},"content":{"rendered":"<p>TEXAS, Estados Unidos.- En un movimiento estrat\u00e9gico, los Dallas Mavericks aseguran su futuro al extender el contrato del entrenador en jefe Jason Kidd, justo en medio de la especulaci\u00f3n sobre un posible inter\u00e9s de los Lakers de Los \u00c1ngeles en sus servicios.<\/p>\n<p>Este acuerdo, anunciado el lunes, brinda estabilidad al equipo mientras se preparan para enfrentar al Oklahoma City Thunder en las semifinales de la Conferencia Oeste.<\/p>\n<p>La extensi\u00f3n no solo reconoce los logros de Kidd, sino que tambi\u00e9n refleja la ambici\u00f3n de los Mavs por seguir construyendo una franquicia ganadora en torno a estrellas como Luka Don\u010di\u0107 y Kyrie Irving&#8230;<\/p>\n<p>That&#8217;s our coach \ud83e\udee1<\/p>\n<p>We have signed @RealJasonKidd to a multi-year contract extension.#MFFL pic.twitter.com\/MnsS4I8p0h<\/p>\n<p>\u2014 Dallas Mavericks (@dallasmavs) May 6, 2024<br \/>\nKidd liderar\u00e1 a los Mavs en el futuro<br \/>\nEl gobernador del equipo, Patrick Dumont, expres\u00f3 su entusiasmo por la extensi\u00f3n de contrato de Kidd, destacando sus logros, que incluyen dos apariciones en los playoffs en tres temporadas.<br \/>\nEsta medida demuestra la confianza de la organizaci\u00f3n en el liderazgo de Kidd para continuar el crecimiento del equipo.<br \/>\nMavs en ascenso<br \/>\nCon una mejora de 12 victorias respecto a la temporada anterior, los Mavericks cerraron la temporada regular con un r\u00e9cord de 50-32.<br \/>\nLa adquisici\u00f3n de Kyrie Irving el a\u00f1o pasado fortaleci\u00f3 el equipo junto a la estrella Luka Don\u010di\u0107, cuyo desempe\u00f1o excepcional ha sido fundamental para el \u00e9xito del equipo.<\/p>\n<p>Jason Kidd receives a multi-year contract extension, one he\u2019s certainly earned. pic.twitter.com\/qQD6FgylDR<\/p>\n<p>\u2014 Brad Townsend (@townbrad) May 6, 2024<br \/>\nDesaf\u00edos y aspiraciones<br \/>\nA pesar de los avances, los Mavericks a\u00fan no han alcanzado el \u00e9xito en los playoffs desde su t\u00edtulo de la NBA en 2011. Con Don\u010di\u0107 como jugador franquicia, el equipo enfrenta la presi\u00f3n de maximizar su potencial.<br \/>\nLa organizaci\u00f3n est\u00e1 consciente de la importancia de rodear a su estrella con el talento adecuado para competir por el campeonato.<br \/>\nKidd, clave en el futuro de Don\u010di\u0107<br \/>\nEl papel de Kidd va m\u00e1s all\u00e1 de dirigir al equipo en la cancha; tambi\u00e9n se le encomienda la tarea de mantener motivado y comprometido a Don\u010di\u0107, cuyo descontento podr\u00eda tener repercusiones en el futuro del equipo.<br \/>\nLa estabilidad en la direcci\u00f3n t\u00e9cnica es fundamental para el \u00e9xito continuo de los Mavericks en la liga.<\/p>\n<p>\u201cWe\u2019re trying to win a championship.\u201d<\/p>\n<p>Jason Kidd\u2019s message to #Mavericks fans following his contract extension. pic.twitter.com\/ANbIAl5wDi<\/p>\n<p>\u2014 Joey Mistretta (@JoeyMistretta_) May 6, 2024<br \/>\nGoogle NewsS\u00edguenos en dando clic a la estrella<\/p>\n","protected":false},"excerpt":{"rendered":"<p>TEXAS, Estados Unidos.- En un movimiento estrat\u00e9gico, los Dallas Mavericks aseguran su futuro al extender el contrato del entrenador en jefe Jason Kidd, justo en medio de la especulaci\u00f3n sobre un posible inter\u00e9s de los Lakers de Los \u00c1ngeles en sus servicios. Este acuerdo, anunciado el lunes, brinda estabilidad al equipo mientras se preparan para [&hellip;]<\/p>\n","protected":false},"author":1,"featured_media":33151,"comment_status":"open","ping_status":"closed","sticky":false,"template":"","format":"standard","meta":{"footnotes":""},"categories":[6],"tags":[],"class_list":["post-33149","post","type-post","status-publish","format-standard","has-post-thumbnail","hentry","category-deportes"],"_links":{"self":[{"href":"https:\/\/solidaridadnews.com\/index.php?rest_route=\/wp\/v2\/posts\/33149","targetHints":{"allow":["GET"]}}],"collection":[{"href":"https:\/\/solidaridadnews.com\/index.php?rest_route=\/wp\/v2\/posts"}],"about":[{"href":"https:\/\/solidaridadnews.com\/index.php?rest_route=\/wp\/v2\/types\/post"}],"author":[{"embeddable":true,"href":"https:\/\/solidaridadnews.com\/index.php?rest_route=\/wp\/v2\/users\/1"}],"replies":[{"embeddable":true,"href":"https:\/\/solidaridadnews.com\/index.php?rest_route=%2Fwp%2Fv2%2Fcomments&post=33149"}],"version-history":[{"count":1,"href":"https:\/\/solidaridadnews.com\/index.php?rest_route=\/wp\/v2\/posts\/33149\/revisions"}],"predecessor-version":[{"id":33150,"href":"https:\/\/solidaridadnews.com\/index.php?rest_route=\/wp\/v2\/posts\/33149\/revisions\/33150"}],"wp:featuredmedia":[{"embeddable":true,"href":"https:\/\/solidaridadnews.com\/index.php?rest_route=\/wp\/v2\/media\/33151"}],"wp:attachment":[{"href":"https:\/\/solidaridadnews.com\/index.php?rest_route=%2Fwp%2Fv2%2Fmedia&parent=33149"}],"wp:term":[{"taxonomy":"category","embeddable":true,"href":"https:\/\/solidaridadnews.com\/index.php?rest_route=%2Fwp%2Fv2%2Fcategories&post=33149"},{"taxonomy":"post_tag","embeddable":true,"href":"https:\/\/solidaridadnews.com\/index.php?rest_route=%2Fwp%2Fv2%2Ftags&post=33149"}],"curies":[{"name":"wp","href":"https:\/\/api.w.org\/{rel}","templated":true}]}}