{"id":33146,"date":"2024-05-06T17:40:28","date_gmt":"2024-05-06T22:40:28","guid":{"rendered":"https:\/\/solidaridadnews.com\/?p=33146"},"modified":"2024-05-06T22:40:29","modified_gmt":"2024-05-06T22:40:29","slug":"ccxp-2024-la-danza-de-los-dragones-decide-tu-bando","status":"publish","type":"post","link":"https:\/\/solidaridadnews.com\/?p=33146","title":{"rendered":"CCXP 2024, la danza de los dragones; decide tu bando"},"content":{"rendered":"<p>Despu\u00e9s de la muerte del rey Viserys (Paddy Considine), el Trono de Hierro qued\u00f3 a la deriva. \u00bfSer\u00e1 ocupado por Aegon (Tom Glynn-Carney) o Rhaenyra (Emma D\u2019Arcy)? De eso tratar\u00e1 la segunda temporada de La casa del drag\u00f3n, programada para el 16 de junio en la pantalla de Max.<\/p>\n<p>Como era de esperarse, Aemond (Ewan Mitchell) y su hermano Aegon salieron hostiles ante el Consejo Negro y como representantes de los Verdes sacaron una pi\u00f1ata con la cabeza de Daemon Targaryen, su t\u00edo y enemigo interpretado por Matt Smith.<\/p>\n<p>\u201cLo voy a destruir\u201d, dijo Ewan tomando la voz de Aemond.<\/p>\n<p>A la hora de platicar sobre la Danza de los Dragones, como se le conoce a la guerra civil entre Rhaenyra y Alicent (Olivia Cooke), los cuatro actores, completados por Eve Best (Rhaenys) y Steve Toussaint (Corlys Velaryon), tuvieron cuidado de no revelar m\u00e1s all\u00e1 de los dos adelantos exclusivos mostrados.<\/p>\n<p>Expand article logo Continuar leyendo<br \/>\n\u201cAemond perdona, pero no olvida\u201d, dijo Mitchell, entrando en personaje.<\/p>\n<p>\u201cAdem\u00e1s tengo a Vaghar, la dragona m\u00e1s vieja que ha ganado cientos de batallas. Les dar\u00e1 una lecci\u00f3n a los negros\u201d, agreg\u00f3.<\/p>\n<p>Glynn-Carney habl\u00f3 mucho sobre c\u00f3mo el rey Aegon, a trav\u00e9s de unos violenros eventos, se mostrar\u00e1 un poco m\u00e1s vulnerable y \u201cexpuesto\u201d, justo como lo escribi\u00f3 George R. R. Martin en la novela precuela de Game of Thrones.<\/p>\n","protected":false},"excerpt":{"rendered":"<p>Despu\u00e9s de la muerte del rey Viserys (Paddy Considine), el Trono de Hierro qued\u00f3 a la deriva. \u00bfSer\u00e1 ocupado por Aegon (Tom Glynn-Carney) o Rhaenyra (Emma D\u2019Arcy)? De eso tratar\u00e1 la segunda temporada de La casa del drag\u00f3n, programada para el 16 de junio en la pantalla de Max. Como era de esperarse, Aemond (Ewan [&hellip;]<\/p>\n","protected":false},"author":1,"featured_media":33148,"comment_status":"open","ping_status":"closed","sticky":false,"template":"","format":"standard","meta":{"footnotes":""},"categories":[3],"tags":[],"class_list":["post-33146","post","type-post","status-publish","format-standard","has-post-thumbnail","hentry","category-espectaculos"],"_links":{"self":[{"href":"https:\/\/solidaridadnews.com\/index.php?rest_route=\/wp\/v2\/posts\/33146","targetHints":{"allow":["GET"]}}],"collection":[{"href":"https:\/\/solidaridadnews.com\/index.php?rest_route=\/wp\/v2\/posts"}],"about":[{"href":"https:\/\/solidaridadnews.com\/index.php?rest_route=\/wp\/v2\/types\/post"}],"author":[{"embeddable":true,"href":"https:\/\/solidaridadnews.com\/index.php?rest_route=\/wp\/v2\/users\/1"}],"replies":[{"embeddable":true,"href":"https:\/\/solidaridadnews.com\/index.php?rest_route=%2Fwp%2Fv2%2Fcomments&post=33146"}],"version-history":[{"count":1,"href":"https:\/\/solidaridadnews.com\/index.php?rest_route=\/wp\/v2\/posts\/33146\/revisions"}],"predecessor-version":[{"id":33147,"href":"https:\/\/solidaridadnews.com\/index.php?rest_route=\/wp\/v2\/posts\/33146\/revisions\/33147"}],"wp:featuredmedia":[{"embeddable":true,"href":"https:\/\/solidaridadnews.com\/index.php?rest_route=\/wp\/v2\/media\/33148"}],"wp:attachment":[{"href":"https:\/\/solidaridadnews.com\/index.php?rest_route=%2Fwp%2Fv2%2Fmedia&parent=33146"}],"wp:term":[{"taxonomy":"category","embeddable":true,"href":"https:\/\/solidaridadnews.com\/index.php?rest_route=%2Fwp%2Fv2%2Fcategories&post=33146"},{"taxonomy":"post_tag","embeddable":true,"href":"https:\/\/solidaridadnews.com\/index.php?rest_route=%2Fwp%2Fv2%2Ftags&post=33146"}],"curies":[{"name":"wp","href":"https:\/\/api.w.org\/{rel}","templated":true}]}}