{"id":33137,"date":"2024-05-04T18:12:40","date_gmt":"2024-05-04T23:12:40","guid":{"rendered":"https:\/\/solidaridadnews.com\/?p=33137"},"modified":"2024-05-04T23:12:41","modified_gmt":"2024-05-04T23:12:41","slug":"jalisco-deja-de-sembrar-100000-hectareas-de-maiz-por-baja-en-precios-y-sequia","status":"publish","type":"post","link":"https:\/\/solidaridadnews.com\/?p=33137","title":{"rendered":"Jalisco deja de sembrar 100,000 hect\u00e1reas de ma\u00edz por baja en precios y sequ\u00eda"},"content":{"rendered":"<p>Guadalajara, Jal. Derivado de la ca\u00edda en el precio internacional de los granos, adem\u00e1s de otros factores como la sequ\u00eda originada por el cambio clim\u00e1tico, en la entidad federativa \u201cse han dejado de sembrar m\u00e1s de 100,000 hect\u00e1reas que tradicionalmente eran maiceras\u201d, lament\u00f3 el presidente del Consejo Agroalimentario de Jalisco (CAJ), Roberto De Alba.<\/p>\n<p>\u201cNosotros vemos una proyecci\u00f3n complicada; creemos que con el fen\u00f3meno del Ni\u00f1o la sequ\u00eda que va a retrasar la siembra de los granos b\u00e1sicos, con la problem\u00e1tica del precio que hay a nivel global, pudiera dejarse de sembrar una superficie mayor a la que actualmente ya no se est\u00e1 sembrando, y con ello habr\u00eda una baja en la producci\u00f3n de ma\u00edz y trigo principalmente, que son los dos commodities que tienen un precio internacional por los suelos\u201d, coment\u00f3 a El Economista De Alba Mac\u00edas.<\/p>\n<p>El pasado lunes, decenas de productores de ma\u00edz, con todo y tractores, se manifestaron frente a las instalaciones de la Secretar\u00eda de Agricultura, Ganader\u00eda y Desarrollo Rural (Sader) del gobierno federal, con el objetivo de exigir que se les pague un mejor precio por tonelada del grano.<\/p>\n<p>\u201cNosotros como Consejo Agroalimentario tuvimos una reuni\u00f3n con el secretario V\u00edctor Villalobos (titular de Sader) y nos garantiz\u00f3 que el esquema anunciado para Sinaloa, que implica un apoyo de 950 pesos por tonelada por parte del gobierno federal, tambi\u00e9n ser\u00e1 aplicable para la producci\u00f3n de ma\u00edz en Jalisco\u00bb, indic\u00f3 el presidente del CAJ.<\/p>\n<p>A\u00f1adi\u00f3 que \u201cel gran reto por delante es c\u00f3mo bajar los precios de producci\u00f3n, transferir un modelo de rentabilidad m\u00e1s all\u00e1 de productividad y poder generar un acuerdo con la industria como se hizo en Sinaloa para llegar al mejor precio posible. De otra manera, se va a dejar de sembrar mucho ma\u00edz porque no es negocio en este momento sembrar ma\u00edz en Jalisco\u201d.<\/p>\n<p>Seg\u00fan Roberto De Alba, durante la reuni\u00f3n que sostuvieron con el titular de SADER federal, el funcionario detall\u00f3 que del apoyo de 950 pesos por tonelada 200 pesos ser\u00e1n para la cobertura de precio y 750 pesos de apoyo directo al precio del ma\u00edz.<\/p>\n<p>\u201cAdem\u00e1s del ma\u00edz, el trigo tiene la misma problem\u00e1tica; est\u00e1 muy por debajo de la estimaci\u00f3n que ten\u00eda el productor y en ambos casos, ma\u00edz y trigo, pues los n\u00fameros son rojos\u201d, mencion\u00f3 De Alba.<\/p>\n<p>Intervenci\u00f3n del estado y el gobierno federal<br \/>\nPor su parte, la Sader del estado de Jalisco decidi\u00f3 manifestar su apoyo a los productores de ma\u00edz en su pliego petitorio, por lo que, en conjunto con las autoridades federales, se desarroll\u00f3 un plan para dar atenci\u00f3n al pliego petitorio que hicieron llegar los agroproductores, quienes exigen un precio de 6,950 pesos por tonelada.<\/p>\n<p>Ante la crisis entre los productores, en febrero la administraci\u00f3n del estado anunci\u00f3 una bolsa de 300 millones de pesos para apoyar a peque\u00f1os productores del campo, ya que solamente durante el a\u00f1o pasado la sequ\u00eda afect\u00f3 300,000 hect\u00e1reas de ma\u00edz y 6,000 de frijol en la entidad federativa, lo que afecta a 60,000 productores jaliscienses, seg\u00fan informaci\u00f3n del gobierno estatal.<\/p>\n<p>&nbsp;<\/p>\n","protected":false},"excerpt":{"rendered":"<p>Guadalajara, Jal. Derivado de la ca\u00edda en el precio internacional de los granos, adem\u00e1s de otros factores como la sequ\u00eda originada por el cambio clim\u00e1tico, en la entidad federativa \u201cse han dejado de sembrar m\u00e1s de 100,000 hect\u00e1reas que tradicionalmente eran maiceras\u201d, lament\u00f3 el presidente del Consejo Agroalimentario de Jalisco (CAJ), Roberto De Alba. \u201cNosotros [&hellip;]<\/p>\n","protected":false},"author":1,"featured_media":33139,"comment_status":"open","ping_status":"closed","sticky":false,"template":"","format":"standard","meta":{"footnotes":""},"categories":[2],"tags":[],"class_list":["post-33137","post","type-post","status-publish","format-standard","has-post-thumbnail","hentry","category-nacional"],"_links":{"self":[{"href":"https:\/\/solidaridadnews.com\/index.php?rest_route=\/wp\/v2\/posts\/33137","targetHints":{"allow":["GET"]}}],"collection":[{"href":"https:\/\/solidaridadnews.com\/index.php?rest_route=\/wp\/v2\/posts"}],"about":[{"href":"https:\/\/solidaridadnews.com\/index.php?rest_route=\/wp\/v2\/types\/post"}],"author":[{"embeddable":true,"href":"https:\/\/solidaridadnews.com\/index.php?rest_route=\/wp\/v2\/users\/1"}],"replies":[{"embeddable":true,"href":"https:\/\/solidaridadnews.com\/index.php?rest_route=%2Fwp%2Fv2%2Fcomments&post=33137"}],"version-history":[{"count":1,"href":"https:\/\/solidaridadnews.com\/index.php?rest_route=\/wp\/v2\/posts\/33137\/revisions"}],"predecessor-version":[{"id":33138,"href":"https:\/\/solidaridadnews.com\/index.php?rest_route=\/wp\/v2\/posts\/33137\/revisions\/33138"}],"wp:featuredmedia":[{"embeddable":true,"href":"https:\/\/solidaridadnews.com\/index.php?rest_route=\/wp\/v2\/media\/33139"}],"wp:attachment":[{"href":"https:\/\/solidaridadnews.com\/index.php?rest_route=%2Fwp%2Fv2%2Fmedia&parent=33137"}],"wp:term":[{"taxonomy":"category","embeddable":true,"href":"https:\/\/solidaridadnews.com\/index.php?rest_route=%2Fwp%2Fv2%2Fcategories&post=33137"},{"taxonomy":"post_tag","embeddable":true,"href":"https:\/\/solidaridadnews.com\/index.php?rest_route=%2Fwp%2Fv2%2Ftags&post=33137"}],"curies":[{"name":"wp","href":"https:\/\/api.w.org\/{rel}","templated":true}]}}