{"id":33134,"date":"2024-05-04T18:11:04","date_gmt":"2024-05-04T23:11:04","guid":{"rendered":"https:\/\/solidaridadnews.com\/?p=33134"},"modified":"2024-05-04T23:11:05","modified_gmt":"2024-05-04T23:11:05","slug":"the-boys-simplemente-los-mejores","status":"publish","type":"post","link":"https:\/\/solidaridadnews.com\/?p=33134","title":{"rendered":"The Boys, simplemente los mejores"},"content":{"rendered":"<p>El arranque del primer d\u00eda de la CCXP no pod\u00eda ser mejor, ya que el elenco de la serie The Boys se present\u00f3 en el Thunder Stage para darles a sus fans, a manera de regalo, el primer tr\u00e1iler de la cuarta temporada de la serie que se estrena el 13 de junio.<\/p>\n<p>Ustedes van a ser las primeras personas en el mundo, en-el-mun-do en ver este clip. Es el primer avance de la cuarta temporada. Premier mundial s\u00f3lo para ustedes\u201d, lanz\u00f3 Antony Starr frente a un auditorio completamente abarrotado que esperaba ansioso ver este avance para tener una idea de lo que vendr\u00e1.<\/p>\n<p>You\u2019re Fucking Welcome\u201d, grit\u00f3 Billy Butcher, personaje al que da vida Karl Urban, y con lo cual invit\u00f3 a los \u00e1vidos fans de esta producci\u00f3n de Prime Video a ver y darse cuenta por s\u00ed mismos que The Boys tiene mucho que ver con un mont\u00f3n de sangre, malas palabras y pollos.<\/p>\n<p>Chase Crawford, Erin Moriarty, Karen Fukuhara y Claudia Doumit acompa\u00f1aron a Starr en el escenario y fue ah\u00ed donde dieron peque\u00f1os gui\u00f1os de lo que les suceder\u00e1 a sus personajes en esta nueva entrega que est\u00e1n por estrenar.<\/p>\n<p>En el final de la tercera temporada los personajes de todos los que estamos aqu\u00ed se encontraban en un lugar muy interesante, veremos qu\u00e9 es lo que les va a suceder, pero s\u00ed puedo decir que seguir\u00e1 habiendo mucha, pero mucha sangre\u201d, dijo el actor quien da vida a Homelander.<\/p>\n<p>&nbsp;<\/p>\n<p>&nbsp;<\/p>\n<p>&nbsp;<\/p>\n<p>QUIERE TRABAJAR CON DERBEZ<\/p>\n<p>&nbsp;<\/p>\n<p>Otra de las grandes sorpresas del d\u00eda fue la presencia de Eli Roth, que si bien el actor es conocido por su trabajo en Hostal y Bastardos sin gloria \u2014como Donny, el oso jud\u00edo, Donowitz\u2014, en esta ocasi\u00f3n lleg\u00f3 hasta la capital del pa\u00eds para platicar un poco de lo que ser\u00e1 su nueva cinta: Borderlands, una adaptaci\u00f3n del videojuego, y la cual es el encargado de dirigir.<\/p>\n<p>Roth no tiene ning\u00fan problema en compartir que \u00e9sta es la segunda ocasi\u00f3n que asiste a una CCPX, porque tambi\u00e9n fue invitado a la de Brasil, pero ha sido aqu\u00ed en M\u00e9xico donde m\u00e1s se ha divertido, ya que si bien no es la primera vez que visita la ciudad, s\u00ed es un momento especial por la presencia de su esposa en este viaje.<\/p>\n<p>Me encanta la Ciudad de M\u00e9xico, no dejo de conocerla y ha sido muy interesante, adem\u00e1s de que vengo acompa\u00f1ado por mi esposa. Y mientras yo estoy aqu\u00ed disfrutando de todo lo que hay en CCXP, ella se encuentra de compras en el Mercado de Sonora\u201d, dijo Roth arrancando la carcajada del p\u00fablico.<\/p>\n<p>El director de la cinta que se estrena en agosto coment\u00f3 que tanto a \u00e9l como a su esposa les gusta conocer los lugares que visitan, pero particularmente de M\u00e9xico les llama la atenci\u00f3n la cultura que existe de los brujos y la santer\u00eda, por lo que la explicaci\u00f3n de que su pareja se encuentre en este emblem\u00e1tico mercado capitalino es para ver \u2018qu\u00e9 se encuentra\u2019.<\/p>\n<p>Bordelands es la pel\u00edcula n\u00famero 11 que el cineasta de 52 a\u00f1os filma, y no lo hizo con un elenco cualquiera. En los cr\u00e9ditos de esta cinta, que tambi\u00e9n coescribi\u00f3 con Joe Crombie, logr\u00f3 reunir en un mismo set a Cate Blanchet, Kevin Hart, Jack Black, \u00c9dgar Ram\u00edrez y Jamie Lee Curtis, entre otros.<\/p>\n<p>Y si bien Roth admira el trabajo de muchos de sus colegas como lo es Quentin Tarantino o Adam Shankman (Ages of Rock), tambi\u00e9n tiene en mente nada m\u00e1s y nada menos que al mexicano Eugenio Derbez.<\/p>\n<p>Me parece un gran artista, hemos hecho unos tres intentos para poder trabajar con \u00e9l, pero no hemos logrado cuadrar el proyecto que pudiera funcionar, pero sin duda es uno de los talentos mexicanos con los que espero en alg\u00fan momento pueda trabajar y compartir el set con \u00e9l\u201d, explic\u00f3 Roth.<\/p>\n<p>Entre cosplays que no le ped\u00edan nada ni a los dibujos en papel ni a los personajes de las cintas \u2014como Wolverine, El sombrerero o Peach, entre muchos otros\u2014, adem\u00e1s de los espectaculares stands de cada marca y las charlas en los diferentes escenarios, el Thunder Stage tambi\u00e9n cont\u00f3 con la presencia de un tr\u00edo que ha sido parte de toda una nueva generaci\u00f3n.<\/p>\n<p>Jon Watts, director de la trilog\u00eda del MCU Spider-Man; Tim Miller, director de Deadpool y Terminator: Dark Fate, y Louis Leterrier, director de Fast X, sostuvieron una casual charla entre ellos en donde algunos de los actores con los que han trabajado \u2014como es el caso de Diego Boneta con Miller\u2014 les grabaron algunas preguntas para que las respondieran frente al p\u00fablico que se congreg\u00f3 a verlos.<\/p>\n<p>Entre los cuestionamientos resalt\u00f3 la respuesta de los cineastas que si bien no son unos jovencitos, tampoco son directores de una larga trayectoria como lo ser\u00eda Steven Spielberg. Y en ese sentido los tres coincidieron que actualmente se deber\u00eda permitir a los directores j\u00f3venes a crear sagas.<\/p>\n<p>Cada semana, en alg\u00fan lugar del mundo, se pueden programar pel\u00edculas de diferentes sagas, cada semana hay un Volver al futuro, un Tibur\u00f3n, un Gremlins&#8230; y pienso que es importante que hay que dejar que los j\u00f3venes, los chicos que quieren ser directores, creen las nuevas sagas del futuro\u201d, lanz\u00f3 Miller frente a un p\u00fablico que en su mayor\u00eda levant\u00f3 la mano para afirmar que se quieren dedicar a la cinematograf\u00eda.<\/p>\n","protected":false},"excerpt":{"rendered":"<p>El arranque del primer d\u00eda de la CCXP no pod\u00eda ser mejor, ya que el elenco de la serie The Boys se present\u00f3 en el Thunder Stage para darles a sus fans, a manera de regalo, el primer tr\u00e1iler de la cuarta temporada de la serie que se estrena el 13 de junio. Ustedes van [&hellip;]<\/p>\n","protected":false},"author":1,"featured_media":33136,"comment_status":"open","ping_status":"closed","sticky":false,"template":"","format":"standard","meta":{"footnotes":""},"categories":[3],"tags":[],"class_list":["post-33134","post","type-post","status-publish","format-standard","has-post-thumbnail","hentry","category-espectaculos"],"_links":{"self":[{"href":"https:\/\/solidaridadnews.com\/index.php?rest_route=\/wp\/v2\/posts\/33134","targetHints":{"allow":["GET"]}}],"collection":[{"href":"https:\/\/solidaridadnews.com\/index.php?rest_route=\/wp\/v2\/posts"}],"about":[{"href":"https:\/\/solidaridadnews.com\/index.php?rest_route=\/wp\/v2\/types\/post"}],"author":[{"embeddable":true,"href":"https:\/\/solidaridadnews.com\/index.php?rest_route=\/wp\/v2\/users\/1"}],"replies":[{"embeddable":true,"href":"https:\/\/solidaridadnews.com\/index.php?rest_route=%2Fwp%2Fv2%2Fcomments&post=33134"}],"version-history":[{"count":1,"href":"https:\/\/solidaridadnews.com\/index.php?rest_route=\/wp\/v2\/posts\/33134\/revisions"}],"predecessor-version":[{"id":33135,"href":"https:\/\/solidaridadnews.com\/index.php?rest_route=\/wp\/v2\/posts\/33134\/revisions\/33135"}],"wp:featuredmedia":[{"embeddable":true,"href":"https:\/\/solidaridadnews.com\/index.php?rest_route=\/wp\/v2\/media\/33136"}],"wp:attachment":[{"href":"https:\/\/solidaridadnews.com\/index.php?rest_route=%2Fwp%2Fv2%2Fmedia&parent=33134"}],"wp:term":[{"taxonomy":"category","embeddable":true,"href":"https:\/\/solidaridadnews.com\/index.php?rest_route=%2Fwp%2Fv2%2Fcategories&post=33134"},{"taxonomy":"post_tag","embeddable":true,"href":"https:\/\/solidaridadnews.com\/index.php?rest_route=%2Fwp%2Fv2%2Ftags&post=33134"}],"curies":[{"name":"wp","href":"https:\/\/api.w.org\/{rel}","templated":true}]}}