{"id":33107,"date":"2024-05-01T18:12:03","date_gmt":"2024-05-01T23:12:03","guid":{"rendered":"https:\/\/solidaridadnews.com\/?p=33107"},"modified":"2024-05-01T23:12:04","modified_gmt":"2024-05-01T23:12:04","slug":"tas-permite-a-gabriel-barbosa-jugar-mientras-apela-caso-de-dopaje","status":"publish","type":"post","link":"https:\/\/solidaridadnews.com\/?p=33107","title":{"rendered":"TAS permite a Gabriel Barbosa jugar mientras apela caso de dopaje"},"content":{"rendered":"<p>El Tribunal de Arbitraje Deportivo dictamin\u00f3 este martes que el delantero brasile\u00f1o Gabriel Barbosa podr\u00e1 seguir jugando mientras apela la suspensi\u00f3n que recibi\u00f3 por haber quebrantado el reglamento antidopaje.<\/p>\n<p>\u00abGabigol\u00bb intenta revertir el castigo de dos a\u00f1os impuesto en marzo por un tribunal antidopaje en Brasil. La suspensi\u00f3n abarca hasta abril de 2023 y el jugador ha negado haberse dopado.<\/p>\n<p>Seg\u00fan el tribunal brasile\u00f1o, el atacante de Flamengo tuvo un comportamiento err\u00e1tico durante una prueba antidopaje sorpresa el 8 de abril de 2023, un d\u00eda antes de que iba a disputar un partido por el campeonato estatal de Rio de Janeiro. Barbosa hizo caso omiso al personal antidopaje que acudi\u00f3 realizar la prueba en el centro de entrenamiento del club y el jugador se realiz\u00f3 la prueba horas despu\u00e9s que sus compa\u00f1eros.<\/p>\n<p>El TAS indic\u00f3 que su panel de jueces acept\u00f3 el pedido de Gabriel Barbosa de mantener en suspenso la decisi\u00f3n. La m\u00e1xima instancia judicial del deporte no precis\u00f3 fechas sobre la audiencia y cu\u00e1ndo se emitir\u00e1 un veredicto.<\/p>\n<p>\u00abQuiero enfatizar que nunca intent\u00e9 obstruir o cometer un fraude con una prueba. Estoy seguro de que se me declarar\u00e1 inocente en la apelaci\u00f3n\u00bb, dijo Barbosa en marzo.<\/p>\n<p>Barbosa, de 27 a\u00f1os, est\u00e1 en su \u00faltimo a\u00f1o de contrato con Flamengo, equipo con el que se consagr\u00f3 en Brasil tras su fallido paso en el futbol europeo con el Inter de Mil\u00e1n y Benfica.<\/p>\n<p>Fich\u00f3 con Flamengo en 2019 y les ayud\u00f3 a ganar dos veces la Copa Libertadores y dos veces la liga local.<\/p>\n","protected":false},"excerpt":{"rendered":"<p>El Tribunal de Arbitraje Deportivo dictamin\u00f3 este martes que el delantero brasile\u00f1o Gabriel Barbosa podr\u00e1 seguir jugando mientras apela la suspensi\u00f3n que recibi\u00f3 por haber quebrantado el reglamento antidopaje. \u00abGabigol\u00bb intenta revertir el castigo de dos a\u00f1os impuesto en marzo por un tribunal antidopaje en Brasil. La suspensi\u00f3n abarca hasta abril de 2023 y el [&hellip;]<\/p>\n","protected":false},"author":1,"featured_media":33109,"comment_status":"open","ping_status":"closed","sticky":false,"template":"","format":"standard","meta":{"footnotes":""},"categories":[6],"tags":[],"class_list":["post-33107","post","type-post","status-publish","format-standard","has-post-thumbnail","hentry","category-deportes"],"_links":{"self":[{"href":"https:\/\/solidaridadnews.com\/index.php?rest_route=\/wp\/v2\/posts\/33107","targetHints":{"allow":["GET"]}}],"collection":[{"href":"https:\/\/solidaridadnews.com\/index.php?rest_route=\/wp\/v2\/posts"}],"about":[{"href":"https:\/\/solidaridadnews.com\/index.php?rest_route=\/wp\/v2\/types\/post"}],"author":[{"embeddable":true,"href":"https:\/\/solidaridadnews.com\/index.php?rest_route=\/wp\/v2\/users\/1"}],"replies":[{"embeddable":true,"href":"https:\/\/solidaridadnews.com\/index.php?rest_route=%2Fwp%2Fv2%2Fcomments&post=33107"}],"version-history":[{"count":1,"href":"https:\/\/solidaridadnews.com\/index.php?rest_route=\/wp\/v2\/posts\/33107\/revisions"}],"predecessor-version":[{"id":33108,"href":"https:\/\/solidaridadnews.com\/index.php?rest_route=\/wp\/v2\/posts\/33107\/revisions\/33108"}],"wp:featuredmedia":[{"embeddable":true,"href":"https:\/\/solidaridadnews.com\/index.php?rest_route=\/wp\/v2\/media\/33109"}],"wp:attachment":[{"href":"https:\/\/solidaridadnews.com\/index.php?rest_route=%2Fwp%2Fv2%2Fmedia&parent=33107"}],"wp:term":[{"taxonomy":"category","embeddable":true,"href":"https:\/\/solidaridadnews.com\/index.php?rest_route=%2Fwp%2Fv2%2Fcategories&post=33107"},{"taxonomy":"post_tag","embeddable":true,"href":"https:\/\/solidaridadnews.com\/index.php?rest_route=%2Fwp%2Fv2%2Ftags&post=33107"}],"curies":[{"name":"wp","href":"https:\/\/api.w.org\/{rel}","templated":true}]}}