{"id":33104,"date":"2024-05-01T17:54:52","date_gmt":"2024-05-01T22:54:52","guid":{"rendered":"https:\/\/solidaridadnews.com\/?p=33104"},"modified":"2024-05-01T22:54:53","modified_gmt":"2024-05-01T22:54:53","slug":"aleks-syntek-no-descarta-hacer-corridos-tumbados-si-le-llegan-al-precio","status":"publish","type":"post","link":"https:\/\/solidaridadnews.com\/?p=33104","title":{"rendered":"Aleks Syntek no descarta hacer corridos tumbados\u2026 si le llegan al precio"},"content":{"rendered":"<p>Aleks Syntek en los \u00faltimos a\u00f1os ha criticado fuertemente al reguet\u00f3n y en los \u00faltimos meses a los corridos tumbados, g\u00e9neros musicales que no le gustan debido a que menciona que tienen letras que no son correctas y no deber\u00edan escuchar sobe todo los ni\u00f1os.<\/p>\n<p>Y recientemente en entrevista en \u201cEl Podcast M\u00e1s Pedido\u201d, conducido por Gabo Ramos, Aleks Syntek fue cuestionado sobre los corridos tumbados y si en alg\u00fan futuro estar\u00eda dispuesto a trabajar en este g\u00e9nero.<\/p>\n<p>Te recomendamos: Aleks Syntek defiende a su hijo de cr\u00edticas por querer escuchar Queen y The Killers en fiesta; \u00abconmigo lo que quieras\u00bb<\/p>\n<p>Aunque en un principio el cantante mencion\u00f3 que no har\u00eda canciones de corridos tumbados, al final dijo que s\u00ed estar\u00eda dispuesto, pero solo si le llegan al precio.<\/p>\n<p>\u201cLa verdad no. No es una m\u00fasica que me haga feliz. Me encanta la m\u00fasica mexicana, pero yo me reservo a tocar lo que me gusta tocar\u2026 A lo mejor si me llegan al precio\u201d.<\/p>\n<p>Aleks Syntek y Dani Flow no tienen una buena relaci\u00f3n y en diferentes ocasiones los famosos se han criticado mutuamente, es por esto que Gabo Ramos le cuestion\u00f3 al cantante si har\u00eda una colaboraci\u00f3n con el reguetonero.<\/p>\n<p>\u201cNo s\u00e9. Creo que son shows diferentes y p\u00fablicos diferentes. Incluso, mi m\u00e1nager en alguna ocasi\u00f3n me estuvo cuestionando si hac\u00eda o no (una colaboraci\u00f3n) porque todos los fans de este cuate quer\u00edan que yo grabara una canci\u00f3n con \u00e9l, pero siento que no encajamos. Oigo su rollo, est\u00e1 loqu\u00edsimo, pero no me siento cantando eso, la verdad\u201d.<\/p>\n<p>Aleks Syntek coment\u00f3 que no se arriesgar\u00eda a perder a su p\u00fablico por una colaboraci\u00f3n con Dani Flow.<\/p>\n<p>\u201cHice una encuesta con mi club de fans en donde les preguntaba que opinar\u00edan si yo grabara con \u00e9l y todos contestaron &#8216;ya no querr\u00edamos igual&#8217;. No quiero a perder a mis fans por hacer algo del momento porque s\u00ed siento que es m\u00fasica de moda\u201d.<\/p>\n","protected":false},"excerpt":{"rendered":"<p>Aleks Syntek en los \u00faltimos a\u00f1os ha criticado fuertemente al reguet\u00f3n y en los \u00faltimos meses a los corridos tumbados, g\u00e9neros musicales que no le gustan debido a que menciona que tienen letras que no son correctas y no deber\u00edan escuchar sobe todo los ni\u00f1os. Y recientemente en entrevista en \u201cEl Podcast M\u00e1s Pedido\u201d, conducido [&hellip;]<\/p>\n","protected":false},"author":1,"featured_media":33106,"comment_status":"open","ping_status":"closed","sticky":false,"template":"","format":"standard","meta":{"footnotes":""},"categories":[3],"tags":[],"class_list":["post-33104","post","type-post","status-publish","format-standard","has-post-thumbnail","hentry","category-espectaculos"],"_links":{"self":[{"href":"https:\/\/solidaridadnews.com\/index.php?rest_route=\/wp\/v2\/posts\/33104","targetHints":{"allow":["GET"]}}],"collection":[{"href":"https:\/\/solidaridadnews.com\/index.php?rest_route=\/wp\/v2\/posts"}],"about":[{"href":"https:\/\/solidaridadnews.com\/index.php?rest_route=\/wp\/v2\/types\/post"}],"author":[{"embeddable":true,"href":"https:\/\/solidaridadnews.com\/index.php?rest_route=\/wp\/v2\/users\/1"}],"replies":[{"embeddable":true,"href":"https:\/\/solidaridadnews.com\/index.php?rest_route=%2Fwp%2Fv2%2Fcomments&post=33104"}],"version-history":[{"count":1,"href":"https:\/\/solidaridadnews.com\/index.php?rest_route=\/wp\/v2\/posts\/33104\/revisions"}],"predecessor-version":[{"id":33105,"href":"https:\/\/solidaridadnews.com\/index.php?rest_route=\/wp\/v2\/posts\/33104\/revisions\/33105"}],"wp:featuredmedia":[{"embeddable":true,"href":"https:\/\/solidaridadnews.com\/index.php?rest_route=\/wp\/v2\/media\/33106"}],"wp:attachment":[{"href":"https:\/\/solidaridadnews.com\/index.php?rest_route=%2Fwp%2Fv2%2Fmedia&parent=33104"}],"wp:term":[{"taxonomy":"category","embeddable":true,"href":"https:\/\/solidaridadnews.com\/index.php?rest_route=%2Fwp%2Fv2%2Fcategories&post=33104"},{"taxonomy":"post_tag","embeddable":true,"href":"https:\/\/solidaridadnews.com\/index.php?rest_route=%2Fwp%2Fv2%2Ftags&post=33104"}],"curies":[{"name":"wp","href":"https:\/\/api.w.org\/{rel}","templated":true}]}}