{"id":33085,"date":"2024-04-30T08:25:25","date_gmt":"2024-04-30T13:25:25","guid":{"rendered":"https:\/\/solidaridadnews.com\/?p=33085"},"modified":"2024-04-30T13:25:26","modified_gmt":"2024-04-30T13:25:26","slug":"dld-exponen-violencia-de-genero","status":"publish","type":"post","link":"https:\/\/solidaridadnews.com\/?p=33085","title":{"rendered":"DLD exponen violencia de g\u00e9nero"},"content":{"rendered":"<p>La madurez que han alcanzado tras infinidad de experiencias profesionales y laborales, sumada a las distintas perspectivas que tienen hoy en d\u00eda, a ra\u00edz de todo lo que han visto a lo largo de 26 a\u00f1os de carrera, ha hecho que los integrantes de DLD evolucionen en su m\u00fasica y se ocupen en abordar temas que aquejan a este pa\u00eds, en el que la violencia hacia las mujeres es una realidad lamentable y cotidiana.<\/p>\n<p>Es por eso que en Ocho, su m\u00e1s reciente disco, abordan en No nos toca la violencia que ejercen muchos hombres hacia la mujer.<\/p>\n<p>Es un tema muy delicado. En nuestro caso es de bastante consternaci\u00f3n, pues somos hijos de madres, hermanos de hermanas, padres de hijas y creo que es urgente cambiar todo. La violencia de g\u00e9nero empieza con un concepto muy inocuo, quiz\u00e1 hasta inocente, que viene desde la cuna o una percepci\u00f3n que ya es obsoleta.<\/p>\n<p>Tenemos que desaprender muchas cosas, elementos que estaban normalizados para que la violencia de g\u00e9nero ya no tenga lugar. Nuestro mensaje con la canci\u00f3n No nos toca es justo eso, que ya no nos toca a nosotros tener este tipo de ideas, actitudes y estereotipos\u201d, coment\u00f3 Francisco Familiar, vocalista de la agrupaci\u00f3n.<\/p>\n<p>00:01<\/p>\n<p>09:07<\/p>\n<p>&nbsp;<\/p>\n<p>Desde hace unos meses, la banda originaria de Sat\u00e9lite promociona Ocho, material discogr\u00e1fico que llevar\u00e1n, junto a sus anteriores \u00e1lbumes, al Palacio de los Deportes el pr\u00f3ximo 12 de julio, tras haber tenido dos sold out en el Auditorio Nacional.<\/p>\n<p>S\u00ed hay un compromiso, pues venimos de hacer un Palacio de los Deportes y dos Auditorios. Estamos cambiando el show por completo, es otra producci\u00f3n y estamos trabajando desde hace tres meses en ello, el set list va a ser el m\u00e1s largo que hemos tocado en la carrera de la banda, entonces, s\u00ed hay muchas cosas que hemos modificado para que sea una noche especial, sobre todo para quien no haya visto a DLD en vivo, pero tambi\u00e9n pensando en los que ya lo hicieron y sorprenderlos de nuevo\u201d, explic\u00f3 Erik Neville, guitarrista de la alineaci\u00f3n.<\/p>\n<p>La tarde de ayer DLD se encontr\u00f3 con varios medios de comunicaci\u00f3n para hablar de Ocho, de la madurez que han adquirido 26 a\u00f1os despu\u00e9s iniciar su carrera en la m\u00fasica y compartieron algunas an\u00e9cdotas que les han hecho seguir adelante, como aquella en la que una chica, de nombre Viridiana, se acerc\u00f3 a Edgar Pijey Hansen Otero, bajista de la banda, para contarle que esa tarde ella ten\u00eda la idea de quitarse la vida.<\/p>\n<p>Un d\u00eda est\u00e1bamos abri\u00e9ndole a Caf\u00e9 Tacvba, te estoy hablando de hace 20 a\u00f1os, y lleg\u00f3 una ni\u00f1a, se me acerc\u00f3 despu\u00e9s de que dimos el concierto y me dijo: \u2018\u00bfsabes qu\u00e9? Me iba a suicidar hoy, pero esta canci\u00f3n que o\u00ed de ustedes me cambi\u00f3 totalmente la perspectiva\u2019. Cuando me dijo eso qued\u00e9 impactado y pensando que, lo que uno dice, influye mucho en las personas y nos dio un compromiso que no hab\u00edamos sentido\u201d, relat\u00f3 el m\u00fasico. DLD lanz\u00f3 Ocho el a\u00f1o pasado con cortes como Toda mi fe, El accidente y T\u00f3xico, junto a Yoss Bones.<\/p>\n<p>&nbsp;<\/p>\n","protected":false},"excerpt":{"rendered":"<p>La madurez que han alcanzado tras infinidad de experiencias profesionales y laborales, sumada a las distintas perspectivas que tienen hoy en d\u00eda, a ra\u00edz de todo lo que han visto a lo largo de 26 a\u00f1os de carrera, ha hecho que los integrantes de DLD evolucionen en su m\u00fasica y se ocupen en abordar temas [&hellip;]<\/p>\n","protected":false},"author":1,"featured_media":33087,"comment_status":"open","ping_status":"closed","sticky":false,"template":"","format":"standard","meta":{"footnotes":""},"categories":[3],"tags":[],"class_list":["post-33085","post","type-post","status-publish","format-standard","has-post-thumbnail","hentry","category-espectaculos"],"_links":{"self":[{"href":"https:\/\/solidaridadnews.com\/index.php?rest_route=\/wp\/v2\/posts\/33085","targetHints":{"allow":["GET"]}}],"collection":[{"href":"https:\/\/solidaridadnews.com\/index.php?rest_route=\/wp\/v2\/posts"}],"about":[{"href":"https:\/\/solidaridadnews.com\/index.php?rest_route=\/wp\/v2\/types\/post"}],"author":[{"embeddable":true,"href":"https:\/\/solidaridadnews.com\/index.php?rest_route=\/wp\/v2\/users\/1"}],"replies":[{"embeddable":true,"href":"https:\/\/solidaridadnews.com\/index.php?rest_route=%2Fwp%2Fv2%2Fcomments&post=33085"}],"version-history":[{"count":1,"href":"https:\/\/solidaridadnews.com\/index.php?rest_route=\/wp\/v2\/posts\/33085\/revisions"}],"predecessor-version":[{"id":33086,"href":"https:\/\/solidaridadnews.com\/index.php?rest_route=\/wp\/v2\/posts\/33085\/revisions\/33086"}],"wp:featuredmedia":[{"embeddable":true,"href":"https:\/\/solidaridadnews.com\/index.php?rest_route=\/wp\/v2\/media\/33087"}],"wp:attachment":[{"href":"https:\/\/solidaridadnews.com\/index.php?rest_route=%2Fwp%2Fv2%2Fmedia&parent=33085"}],"wp:term":[{"taxonomy":"category","embeddable":true,"href":"https:\/\/solidaridadnews.com\/index.php?rest_route=%2Fwp%2Fv2%2Fcategories&post=33085"},{"taxonomy":"post_tag","embeddable":true,"href":"https:\/\/solidaridadnews.com\/index.php?rest_route=%2Fwp%2Fv2%2Ftags&post=33085"}],"curies":[{"name":"wp","href":"https:\/\/api.w.org\/{rel}","templated":true}]}}