{"id":33070,"date":"2024-04-29T11:59:51","date_gmt":"2024-04-29T16:59:51","guid":{"rendered":"https:\/\/solidaridadnews.com\/?p=33070"},"modified":"2024-04-29T16:59:52","modified_gmt":"2024-04-29T16:59:52","slug":"entre-empujones-y-mariachi-silvia-pinal-reaparece-para-ser-homenajeada-por-75-anos-de-carrera","status":"publish","type":"post","link":"https:\/\/solidaridadnews.com\/?p=33070","title":{"rendered":"Entre empujones y mariachi, Silvia Pinal reaparece para ser homenajeada por 75 a\u00f1os de carrera"},"content":{"rendered":"<p>Despu\u00e9s de superar los problemas de salud que la mantuvieron hospitalizada por casi dos semanas, la primea actriz, Silvia Pinal, reapareci\u00f3 ante el p\u00fablico y los medios de comunicaci\u00f3n para recibir un homenaje por sus 75 a\u00f1os de trayectoria art\u00edstica.<\/p>\n<p>Esta tarde la llamada \u00abDiva del cine mexicano\u00bb arrib\u00f3 al teatro Rafael Solana, en compa\u00f1\u00eda de su asistente Efigenia Ramos, y aunque su presencia ya estaba confirmada, fue tanto el alboroto que se gener\u00f3 que los empujones por poco hacen que se cancele su participaci\u00f3n con los medios.<\/p>\n<p>Incluso, tanto la asistente de la actriz, como el productor Iv\u00e1n Cochegrus, tuvieron que pedirles a las c\u00e1maras y micr\u00f3fonos que se encontraban en el lugar que se pusieran de acuerdo y tomaran en cuenta la salud de la matriarca de la dinast\u00eda Pinal.<\/p>\n<p>En medio del zafarrancho, Silvia expres\u00f3 su agradecimiento y dedic\u00f3 unas palabras a la prensa y los asistentes: \u00abGracias amigos, este homenaje se me hace tan hermoso, tan bello, tan grande&#8230; \u00a1Viva M\u00e9xico!\u00bb, dijo en declaraciones retomadas por Ed\u00e9n Mu\u00f1oz.<\/p>\n<p>La protagonista de \u00abViridiana\u00bb se dijo conmovida por las palabras que recibi\u00f3 por parte de su hija, Alejandra Guzm\u00e1n y varias personalidades del mundo del espect\u00e1culo, esto a trav\u00e9s de un video que se proyect\u00f3 durante la ceremonia: \u00abMuchas gracias a todos,son gente que me quiere y me respeta y yo, con todo mi amor y mi respeto, y lo mucho o poco que pueda poner, que Dios los bendiga y los ayude\u00bb, agreg\u00f3.<\/p>\n<p>Asimismo, y aunque 75 a\u00f1os son toda una vida dedicada al cine, teatro y la televisi\u00f3n, Pinal reconoci\u00f3 que para ella no es mucho: \u00ab75 a\u00f1os se me hacen poquito\u00bb, finaliz\u00f3.<\/p>\n<p>As\u00ed fue el homenaje de Silvia Pinal<br \/>\nDespu\u00e9s de presenciar la obra \u00abCaperucita roja y el lobo\u00bb, misma que protagoniz\u00f3 hace algunos a\u00f1os, Silvia Pinal subi\u00f3 al escenario, con todo el elenco para la develaci\u00f3n de una placa conmemorativa, recibir el micr\u00f3fono de oro y por supuesto que le cantaran las tradicionales ma\u00f1anitas al ritmo del mariachi.<\/p>\n<p>\u201cEstoy muy feliz de ser quien junto con mi elenco le brinde este merecido homenaje a una reina como ella\u201d, coment\u00f3 Cochegrus. \u201cLa nueva generaci\u00f3n tiene cerca a Silvia Pinal. Los periodistas han cuidado de usted, Silvia. La obra enaltece con letras de oro a Silvia Pinal. Este homenaje es con amor\u201d, agreg\u00f3.<\/p>\n<p>Adem\u00e1s, se proyect\u00f3 una semblanza de su amplia carrera y se parti\u00f3 un pastel con todos los invitados.<\/p>\n<p>Cabe destacar que ning\u00fan miembro de la familia Pinal asisti\u00f3 a la ceremonia.<\/p>\n","protected":false},"excerpt":{"rendered":"<p>Despu\u00e9s de superar los problemas de salud que la mantuvieron hospitalizada por casi dos semanas, la primea actriz, Silvia Pinal, reapareci\u00f3 ante el p\u00fablico y los medios de comunicaci\u00f3n para recibir un homenaje por sus 75 a\u00f1os de trayectoria art\u00edstica. Esta tarde la llamada \u00abDiva del cine mexicano\u00bb arrib\u00f3 al teatro Rafael Solana, en compa\u00f1\u00eda [&hellip;]<\/p>\n","protected":false},"author":1,"featured_media":33072,"comment_status":"open","ping_status":"closed","sticky":false,"template":"","format":"standard","meta":{"footnotes":""},"categories":[3],"tags":[],"class_list":["post-33070","post","type-post","status-publish","format-standard","has-post-thumbnail","hentry","category-espectaculos"],"_links":{"self":[{"href":"https:\/\/solidaridadnews.com\/index.php?rest_route=\/wp\/v2\/posts\/33070","targetHints":{"allow":["GET"]}}],"collection":[{"href":"https:\/\/solidaridadnews.com\/index.php?rest_route=\/wp\/v2\/posts"}],"about":[{"href":"https:\/\/solidaridadnews.com\/index.php?rest_route=\/wp\/v2\/types\/post"}],"author":[{"embeddable":true,"href":"https:\/\/solidaridadnews.com\/index.php?rest_route=\/wp\/v2\/users\/1"}],"replies":[{"embeddable":true,"href":"https:\/\/solidaridadnews.com\/index.php?rest_route=%2Fwp%2Fv2%2Fcomments&post=33070"}],"version-history":[{"count":1,"href":"https:\/\/solidaridadnews.com\/index.php?rest_route=\/wp\/v2\/posts\/33070\/revisions"}],"predecessor-version":[{"id":33071,"href":"https:\/\/solidaridadnews.com\/index.php?rest_route=\/wp\/v2\/posts\/33070\/revisions\/33071"}],"wp:featuredmedia":[{"embeddable":true,"href":"https:\/\/solidaridadnews.com\/index.php?rest_route=\/wp\/v2\/media\/33072"}],"wp:attachment":[{"href":"https:\/\/solidaridadnews.com\/index.php?rest_route=%2Fwp%2Fv2%2Fmedia&parent=33070"}],"wp:term":[{"taxonomy":"category","embeddable":true,"href":"https:\/\/solidaridadnews.com\/index.php?rest_route=%2Fwp%2Fv2%2Fcategories&post=33070"},{"taxonomy":"post_tag","embeddable":true,"href":"https:\/\/solidaridadnews.com\/index.php?rest_route=%2Fwp%2Fv2%2Ftags&post=33070"}],"curies":[{"name":"wp","href":"https:\/\/api.w.org\/{rel}","templated":true}]}}