{"id":33067,"date":"2024-04-29T11:31:55","date_gmt":"2024-04-29T16:31:55","guid":{"rendered":"https:\/\/solidaridadnews.com\/?p=33067"},"modified":"2024-04-29T16:31:56","modified_gmt":"2024-04-29T16:31:56","slug":"dominando-el-ciclismo-isaac-del-toro-ciclista-mexicano-gana-la-vuelta-a-asturias","status":"publish","type":"post","link":"https:\/\/solidaridadnews.com\/?p=33067","title":{"rendered":"\u00a1Dominando el ciclismo! Isaac del Toro, ciclista mexicano, gana la Vuelta a Asturias"},"content":{"rendered":"<p>El ciclista mexicano Isaac del Toro, miembro del equipo UAE Team Emirates, se ha coronado campe\u00f3n de la 66 edici\u00f3n de la Vuelta a Asturias tras una destacada actuaci\u00f3n que lo mantuvo al frente de la clasificaci\u00f3n general desde el inicio hasta el fin de la competencia.<\/p>\n<p>Del Toro, quien ha demostrado su habilidad en las etapas de la ronda asturiana, logr\u00f3 victorias decisivas, incluyendo el primer lugar en la etapa inicial y excelentes posiciones en las subsiguientes, asegurando su liderazgo hasta el final. La \u00faltima etapa, que culmin\u00f3 en un sprint en la calle Ur\u00eda de Oviedo, fue ganada por su compa\u00f1ero de equipo, el neozeland\u00e9s Finn Fisher-Black, marcando su primera victoria en territorio espa\u00f1ol y la cuarta de su carrera profesional.<\/p>\n<p>La \u00faltima jornada de la vuelta comenz\u00f3 en Benia de On\u00eds, extendi\u00e9ndose por 140 kil\u00f3metros, la distancia m\u00e1s corta de las tres etapas del tour. Un grupo de cinco fugitivos inicialmente tom\u00f3 la delantera, pero fue alcanzado por el pelot\u00f3n a pocos kil\u00f3metros del final, facilitando un emocionante sprint.<\/p>\n<p>El podio de la Vuelta a Asturias se complet\u00f3 con el ciclista polaco Rafal Majka, tambi\u00e9n del UAE Team Emirates, quien se ubic\u00f3 segundo a 01:15 minutos detr\u00e1s de Del Toro. El espa\u00f1ol Eric Antonio Fag\u00fandez del equipo Burgos-BH, se posicion\u00f3 tercero, finalizando a 01:20 minutos del l\u00edder.<\/p>\n<p>Este triunfo a\u00f1ade un importante logro a la carrera de Isaac del Toro, quien sigue acumulando \u00e9xitos internacionales y elevando su perfil como uno de los ciclistas m\u00e1s prometedores de M\u00e9xico y de la escena mundial.<\/p>\n<p>&nbsp;<\/p>\n","protected":false},"excerpt":{"rendered":"<p>El ciclista mexicano Isaac del Toro, miembro del equipo UAE Team Emirates, se ha coronado campe\u00f3n de la 66 edici\u00f3n de la Vuelta a Asturias tras una destacada actuaci\u00f3n que lo mantuvo al frente de la clasificaci\u00f3n general desde el inicio hasta el fin de la competencia. Del Toro, quien ha demostrado su habilidad en [&hellip;]<\/p>\n","protected":false},"author":1,"featured_media":33069,"comment_status":"open","ping_status":"closed","sticky":false,"template":"","format":"standard","meta":{"footnotes":""},"categories":[6],"tags":[],"class_list":["post-33067","post","type-post","status-publish","format-standard","has-post-thumbnail","hentry","category-deportes"],"_links":{"self":[{"href":"https:\/\/solidaridadnews.com\/index.php?rest_route=\/wp\/v2\/posts\/33067","targetHints":{"allow":["GET"]}}],"collection":[{"href":"https:\/\/solidaridadnews.com\/index.php?rest_route=\/wp\/v2\/posts"}],"about":[{"href":"https:\/\/solidaridadnews.com\/index.php?rest_route=\/wp\/v2\/types\/post"}],"author":[{"embeddable":true,"href":"https:\/\/solidaridadnews.com\/index.php?rest_route=\/wp\/v2\/users\/1"}],"replies":[{"embeddable":true,"href":"https:\/\/solidaridadnews.com\/index.php?rest_route=%2Fwp%2Fv2%2Fcomments&post=33067"}],"version-history":[{"count":1,"href":"https:\/\/solidaridadnews.com\/index.php?rest_route=\/wp\/v2\/posts\/33067\/revisions"}],"predecessor-version":[{"id":33068,"href":"https:\/\/solidaridadnews.com\/index.php?rest_route=\/wp\/v2\/posts\/33067\/revisions\/33068"}],"wp:featuredmedia":[{"embeddable":true,"href":"https:\/\/solidaridadnews.com\/index.php?rest_route=\/wp\/v2\/media\/33069"}],"wp:attachment":[{"href":"https:\/\/solidaridadnews.com\/index.php?rest_route=%2Fwp%2Fv2%2Fmedia&parent=33067"}],"wp:term":[{"taxonomy":"category","embeddable":true,"href":"https:\/\/solidaridadnews.com\/index.php?rest_route=%2Fwp%2Fv2%2Fcategories&post=33067"},{"taxonomy":"post_tag","embeddable":true,"href":"https:\/\/solidaridadnews.com\/index.php?rest_route=%2Fwp%2Fv2%2Ftags&post=33067"}],"curies":[{"name":"wp","href":"https:\/\/api.w.org\/{rel}","templated":true}]}}