{"id":33040,"date":"2024-04-26T19:39:01","date_gmt":"2024-04-27T00:39:01","guid":{"rendered":"https:\/\/solidaridadnews.com\/?p=33040"},"modified":"2024-04-27T00:39:02","modified_gmt":"2024-04-27T00:39:02","slug":"anuncian-la-tercera-edicion-del-torneo-de-softbol-de-veteranas-en-playa-del-carmen","status":"publish","type":"post","link":"https:\/\/solidaridadnews.com\/?p=33040","title":{"rendered":"Anuncian la tercera edici\u00f3n del torneo de s\u00f3ftbol de veteranas, en Playa del Carmen"},"content":{"rendered":"<p>PLAYA DEL CARMEN, MX.\u2013 Esta tarde, Laura Gio, jugadora de s\u00f3ftbol, anunci\u00f3 la tercera edici\u00f3n del torneo de este deporte en la que participar\u00e1n veteranas de 40 a\u00f1os y m\u00e1s, del 2 al 4 de mayo pr\u00f3ximos.<\/p>\n<p>En conferencia de prensa, acompa\u00f1ada de Amador Guti\u00e9rrez Guigui, director del Instituto del Deporte municipal, la tambi\u00e9n fundadora de este torneo inform\u00f3 que esta justa deportiva contar\u00e1 con la participaci\u00f3n de 16 equipos provenientes de ocho estados de toda la rep\u00fablica mexicana.<\/p>\n<p>Detall\u00f3 que entre los estados que participar\u00e1n se encuentran Yucat\u00e1n, Campeche, San Luis Potos\u00ed, Guanajuato, Jalisco, entre otros.<\/p>\n<p>La fundadora de este torneo se\u00f1al\u00f3 que este torneo se desarrollar\u00e1 en cuatro sedes, de las cuales una ser\u00e1 la Unidad Deportiva Riviera Maya.<\/p>\n<p>Adem\u00e1s, la deportista afirm\u00f3 que la continuaci\u00f3n de esta justa deportiva viene a impulsar la pr\u00e1ctica de este deporte que tiene muchos aficionados en el municipio.<\/p>\n<p>Se\u00f1al\u00f3 que este torneo es un \u201cgranito de arena\u201d que vendr\u00e1 a contribuir a que muchas personas se interesen en este deporte.<\/p>\n<p>Por su parte, Guti\u00e9rrez Guigui, coment\u00f3 que aparte del fomento al deporte y a la salud f\u00edsica, eventos de esta naturaleza se traducen en una importante derrama econ\u00f3mica.<\/p>\n<p>Refiri\u00f3 que este torneo contribuir\u00e1 a que Solidaridad sea considerado un punto preferente en materia de turismo deportivo.<\/p>\n<p>Finalmente, el funcionario coincidi\u00f3 con Laura Gio en que este torneo va a venir a fortalecer la pr\u00e1ctica profesional de este deporte en el municipio.<\/p>\n","protected":false},"excerpt":{"rendered":"<p>PLAYA DEL CARMEN, MX.\u2013 Esta tarde, Laura Gio, jugadora de s\u00f3ftbol, anunci\u00f3 la tercera edici\u00f3n del torneo de este deporte en la que participar\u00e1n veteranas de 40 a\u00f1os y m\u00e1s, del 2 al 4 de mayo pr\u00f3ximos. En conferencia de prensa, acompa\u00f1ada de Amador Guti\u00e9rrez Guigui, director del Instituto del Deporte municipal, la tambi\u00e9n fundadora [&hellip;]<\/p>\n","protected":false},"author":1,"featured_media":33042,"comment_status":"open","ping_status":"closed","sticky":false,"template":"","format":"standard","meta":{"footnotes":""},"categories":[4],"tags":[],"class_list":["post-33040","post","type-post","status-publish","format-standard","has-post-thumbnail","hentry","category-local"],"_links":{"self":[{"href":"https:\/\/solidaridadnews.com\/index.php?rest_route=\/wp\/v2\/posts\/33040","targetHints":{"allow":["GET"]}}],"collection":[{"href":"https:\/\/solidaridadnews.com\/index.php?rest_route=\/wp\/v2\/posts"}],"about":[{"href":"https:\/\/solidaridadnews.com\/index.php?rest_route=\/wp\/v2\/types\/post"}],"author":[{"embeddable":true,"href":"https:\/\/solidaridadnews.com\/index.php?rest_route=\/wp\/v2\/users\/1"}],"replies":[{"embeddable":true,"href":"https:\/\/solidaridadnews.com\/index.php?rest_route=%2Fwp%2Fv2%2Fcomments&post=33040"}],"version-history":[{"count":1,"href":"https:\/\/solidaridadnews.com\/index.php?rest_route=\/wp\/v2\/posts\/33040\/revisions"}],"predecessor-version":[{"id":33041,"href":"https:\/\/solidaridadnews.com\/index.php?rest_route=\/wp\/v2\/posts\/33040\/revisions\/33041"}],"wp:featuredmedia":[{"embeddable":true,"href":"https:\/\/solidaridadnews.com\/index.php?rest_route=\/wp\/v2\/media\/33042"}],"wp:attachment":[{"href":"https:\/\/solidaridadnews.com\/index.php?rest_route=%2Fwp%2Fv2%2Fmedia&parent=33040"}],"wp:term":[{"taxonomy":"category","embeddable":true,"href":"https:\/\/solidaridadnews.com\/index.php?rest_route=%2Fwp%2Fv2%2Fcategories&post=33040"},{"taxonomy":"post_tag","embeddable":true,"href":"https:\/\/solidaridadnews.com\/index.php?rest_route=%2Fwp%2Fv2%2Ftags&post=33040"}],"curies":[{"name":"wp","href":"https:\/\/api.w.org\/{rel}","templated":true}]}}