{"id":33037,"date":"2024-04-26T19:29:16","date_gmt":"2024-04-27T00:29:16","guid":{"rendered":"https:\/\/solidaridadnews.com\/?p=33037"},"modified":"2024-04-27T00:29:17","modified_gmt":"2024-04-27T00:29:17","slug":"tigres-respalda-a-nahuel-guzman-tras-polemica-apoyarlo-es-nuestra-responsabilidad","status":"publish","type":"post","link":"https:\/\/solidaridadnews.com\/?p=33037","title":{"rendered":"Tigres respalda a Nahuel Guzm\u00e1n tras pol\u00e9mica: \u00abApoyarlo es nuestra responsabilidad\u00bb"},"content":{"rendered":"<p>Desde su llegada a Tigres, Nahuel Guzm\u00e1n se ha convertido en un referente en el futbol mexicano por sus t\u00edtulos y por sus pol\u00e9micas, como la \u00faltima en el Cl\u00e1sico Regio. Ante esto, Mauricio Culebro, presidente de los Felinos, se\u00f1al\u00f3 que su deber como instituci\u00f3n es apoyar al arquero argentino para no caer en otra indisciplina como la del l\u00e1ser.<\/p>\n<p>En una entrevista para R\u00c9CORD+, el dirigente de Tigres se\u00f1al\u00f3 que tras lo ocurrido hace dos semanas en el Rayados vs Tigres, Nahuel recibir\u00e1 ayuda psicol\u00f3gica y coaching deportivo para apoyarlo y no dejarlo solo ante los se\u00f1alamientos.<\/p>\n<p>\u00abS\u00ed, tenemos una responsabilidad como instituci\u00f3n en apoyarlo. La idea es apoyarlo con coaching deportivo, con psicolog\u00eda deportiva y estar cerca de \u00e9l. Somos partidarios de que la pasi\u00f3n se quede en la cancha y que sea eso, solo pasi\u00f3n. Que la rivalidad se quede en la cancha\u00bb, expres\u00f3 Culebro en R\u00c9CORD+.<\/p>\n<p>El portero de los Felinos fue castigado con 11 partidos de suspensi\u00f3n tras la investigaci\u00f3n de la Comisi\u00f3n Disciplinaria de la Federaci\u00f3n Mexicana de Futbol debido a que el arquero argentino molest\u00f3 con un l\u00e1ser en el Cl\u00e1sico Regio a Esteban Andrada, portero de Rayados de Monterrey.<\/p>\n<p>Tras no poder jugar el \u00faltimo Cl\u00e1sico Regio en el BBVA, Nahuel estuvo en las gradas del recinto. El palco desde el que observ\u00f3 el partido estaba de frente a la porter\u00eda que Esteban Andrada defendi\u00f3 en la segunda mitad del partido, y fue ah\u00ed donde se suscit\u00f3 la agresi\u00f3n.<\/p>\n","protected":false},"excerpt":{"rendered":"<p>Desde su llegada a Tigres, Nahuel Guzm\u00e1n se ha convertido en un referente en el futbol mexicano por sus t\u00edtulos y por sus pol\u00e9micas, como la \u00faltima en el Cl\u00e1sico Regio. Ante esto, Mauricio Culebro, presidente de los Felinos, se\u00f1al\u00f3 que su deber como instituci\u00f3n es apoyar al arquero argentino para no caer en otra [&hellip;]<\/p>\n","protected":false},"author":1,"featured_media":33039,"comment_status":"open","ping_status":"closed","sticky":false,"template":"","format":"standard","meta":{"footnotes":""},"categories":[6],"tags":[],"class_list":["post-33037","post","type-post","status-publish","format-standard","has-post-thumbnail","hentry","category-deportes"],"_links":{"self":[{"href":"https:\/\/solidaridadnews.com\/index.php?rest_route=\/wp\/v2\/posts\/33037","targetHints":{"allow":["GET"]}}],"collection":[{"href":"https:\/\/solidaridadnews.com\/index.php?rest_route=\/wp\/v2\/posts"}],"about":[{"href":"https:\/\/solidaridadnews.com\/index.php?rest_route=\/wp\/v2\/types\/post"}],"author":[{"embeddable":true,"href":"https:\/\/solidaridadnews.com\/index.php?rest_route=\/wp\/v2\/users\/1"}],"replies":[{"embeddable":true,"href":"https:\/\/solidaridadnews.com\/index.php?rest_route=%2Fwp%2Fv2%2Fcomments&post=33037"}],"version-history":[{"count":1,"href":"https:\/\/solidaridadnews.com\/index.php?rest_route=\/wp\/v2\/posts\/33037\/revisions"}],"predecessor-version":[{"id":33038,"href":"https:\/\/solidaridadnews.com\/index.php?rest_route=\/wp\/v2\/posts\/33037\/revisions\/33038"}],"wp:featuredmedia":[{"embeddable":true,"href":"https:\/\/solidaridadnews.com\/index.php?rest_route=\/wp\/v2\/media\/33039"}],"wp:attachment":[{"href":"https:\/\/solidaridadnews.com\/index.php?rest_route=%2Fwp%2Fv2%2Fmedia&parent=33037"}],"wp:term":[{"taxonomy":"category","embeddable":true,"href":"https:\/\/solidaridadnews.com\/index.php?rest_route=%2Fwp%2Fv2%2Fcategories&post=33037"},{"taxonomy":"post_tag","embeddable":true,"href":"https:\/\/solidaridadnews.com\/index.php?rest_route=%2Fwp%2Fv2%2Ftags&post=33037"}],"curies":[{"name":"wp","href":"https:\/\/api.w.org\/{rel}","templated":true}]}}